{"id":47744,"date":"2020-06-11T20:20:23","date_gmt":"2020-06-11T20:20:23","guid":{"rendered":"https:\/\/www.deberes.net\/tesis\/sin-categoria\/epidemiologia-y-prevalencia-de-la-gastritis-cronica-autral-en-pacientes-con-dispepsia-no-ulcerosa\/"},"modified":"2020-06-11T20:20:23","modified_gmt":"2020-06-11T20:20:23","slug":"epidemiologia-y-prevalencia-de-la-gastritis-cronica-autral-en-pacientes-con-dispepsia-no-ulcerosa","status":"publish","type":"post","link":"https:\/\/www.deberes.net\/tesis\/ciencias-medicas\/epidemiologia-y-prevalencia-de-la-gastritis-cronica-autral-en-pacientes-con-dispepsia-no-ulcerosa\/","title":{"rendered":"Epidemiolog\u00eda y preValencia de la gastritis cronica autral en pacientes con dispepsia no ulcerosa"},"content":{"rendered":"<h2>Tesis doctoral de <strong> Antonio Caballero Plasencia <\/strong><\/h2>\n<p>Los resultados del estudio de la preValencia de la gastritis cronica autral en 335 pacientes de dispepsia no ulcerosa  en datos obtenidos mediante endoscopia oral y liopia dirigida de la curvadura mayor del autro  fue del 68 9%; de ella fueron formas moderadas un 37 6% y de formas severas un 31 3% del total. Los pacientes con menos de 30 a\u00f1os de edad tuvieron una frecuencia de g.C.A. 38 5%  lp comprendidos entre 30 y 60 a\u00f1os fue del 72% de g.C.A. Y los mayores de 60 a\u00f1os la proporcion fue de 74 5% del total de g.C.A. El sexo  los habitos toxicos la sintomatolog\u00eda clinica concepto de pirosis  el perfil psicopatologico encuanto a la preValencia y gravedad de la g.C.A. El medio de habitat  la pirosis y en los pactes con reflujo la presencia de nauseas y vomitos  si tuvieron diferencia significativamente estadisticas en cuanto la preValencia y gravedad de la g.C.A.<\/p>\n<p>&nbsp;<\/p>\n<h3>Datos acad\u00e9micos de la tesis doctoral \u00ab<strong>Epidemiolog\u00eda y preValencia de la gastritis cronica autral en pacientes con dispepsia no ulcerosa<\/strong>\u00ab<\/h3>\n<ul>\n<li><strong>T\u00edtulo de la tesis:<\/strong>\u00a0 Epidemiolog\u00eda y preValencia de la gastritis cronica autral en pacientes con dispepsia no ulcerosa <\/li>\n<li><strong>Autor:<\/strong>\u00a0 Antonio Caballero Plasencia <\/li>\n<li><strong>Universidad:<\/strong>\u00a0 Granada<\/li>\n<li><strong>Fecha de lectura de la tesis:<\/strong>\u00a0 01\/01\/1981<\/li>\n<\/ul>\n<p>&nbsp;<\/p>\n<h3>Direcci\u00f3n y tribunal<\/h3>\n<ul>\n<li><strong>Director de la tesis<\/strong>\n<ul>\n<li>Arsacio Pe\u00f1a Ya\u00f1ez<\/li>\n<\/ul>\n<\/li>\n<li><strong>Tribunal<\/strong>\n<ul>\n<li>Presidente del tribunal: Arsacio Pe\u00f1a Ya\u00f1ez <\/li>\n<li>Juan  De Dios Garc\u00eda Garc\u00eda (vocal)<\/li>\n<li>Rafael Vara-thorbeck (vocal)<\/li>\n<li>Jos\u00e9 Aneiros Cachaza (vocal)<\/li>\n<\/ul>\n<\/li>\n<\/ul>\n<p>&nbsp;<\/p>\n","protected":false},"excerpt":{"rendered":"<p>Tesis doctoral de Antonio Caballero Plasencia Los resultados del estudio de la preValencia de la gastritis cronica autral en 335 [&hellip;]<\/p>\n","protected":false},"author":1,"featured_media":0,"comment_status":"open","ping_status":"open","sticky":false,"template":"","format":"standard","meta":{"site-sidebar-layout":"default","site-content-layout":"","ast-site-content-layout":"","site-content-style":"default","site-sidebar-style":"default","ast-global-header-display":"","ast-banner-title-visibility":"","ast-main-header-display":"","ast-hfb-above-header-display":"","ast-hfb-below-header-display":"","ast-hfb-mobile-header-display":"","site-post-title":"","ast-breadcrumbs-content":"","ast-featured-img":"","footer-sml-layout":"","theme-transparent-header-meta":"","adv-header-id-meta":"","stick-header-meta":"","header-above-stick-meta":"","header-main-stick-meta":"","header-below-stick-meta":"","astra-migrate-meta-layouts":"default","ast-page-background-enabled":"default","ast-page-background-meta":{"desktop":{"background-color":"var(--ast-global-color-4)","background-image":"","background-repeat":"repeat","background-position":"center center","background-size":"auto","background-attachment":"scroll","background-type":"","background-media":"","overlay-type":"","overlay-color":"","overlay-gradient":""},"tablet":{"background-color":"","background-image":"","background-repeat":"repeat","background-position":"center center","background-size":"auto","background-attachment":"scroll","background-type":"","background-media":"","overlay-type":"","overlay-color":"","overlay-gradient":""},"mobile":{"background-color":"","background-image":"","background-repeat":"repeat","background-position":"center center","background-size":"auto","background-attachment":"scroll","background-type":"","background-media":"","overlay-type":"","overlay-color":"","overlay-gradient":""}},"ast-content-background-meta":{"desktop":{"background-color":"var(--ast-global-color-5)","background-image":"","background-repeat":"repeat","background-position":"center center","background-size":"auto","background-attachment":"scroll","background-type":"","background-media":"","overlay-type":"","overlay-color":"","overlay-gradient":""},"tablet":{"background-color":"var(--ast-global-color-5)","background-image":"","background-repeat":"repeat","background-position":"center center","background-size":"auto","background-attachment":"scroll","background-type":"","background-media":"","overlay-type":"","overlay-color":"","overlay-gradient":""},"mobile":{"background-color":"var(--ast-global-color-5)","background-image":"","background-repeat":"repeat","background-position":"center center","background-size":"auto","background-attachment":"scroll","background-type":"","background-media":"","overlay-type":"","overlay-color":"","overlay-gradient":""}},"footnotes":""},"categories":[467,9,14343,491,139],"tags":[35314,111168,35731,1541,7875],"class_list":["post-47744","post","type-post","status-publish","format-standard","hentry","category-ciencias-de-la-nutricion","category-ciencias-medicas","category-digestion","category-gastroenterologia","category-medicina-interna","tag-antonio-caballero-plasencia","tag-arsacio-pena-yanez","tag-jose-aneiros-cachaza","tag-juan-de-dios-garcia-garcia","tag-rafael-vara-thorbeck"],"_links":{"self":[{"href":"https:\/\/www.deberes.net\/tesis\/wp-json\/wp\/v2\/posts\/47744","targetHints":{"allow":["GET"]}}],"collection":[{"href":"https:\/\/www.deberes.net\/tesis\/wp-json\/wp\/v2\/posts"}],"about":[{"href":"https:\/\/www.deberes.net\/tesis\/wp-json\/wp\/v2\/types\/post"}],"author":[{"embeddable":true,"href":"https:\/\/www.deberes.net\/tesis\/wp-json\/wp\/v2\/users\/1"}],"replies":[{"embeddable":true,"href":"https:\/\/www.deberes.net\/tesis\/wp-json\/wp\/v2\/comments?post=47744"}],"version-history":[{"count":0,"href":"https:\/\/www.deberes.net\/tesis\/wp-json\/wp\/v2\/posts\/47744\/revisions"}],"wp:attachment":[{"href":"https:\/\/www.deberes.net\/tesis\/wp-json\/wp\/v2\/media?parent=47744"}],"wp:term":[{"taxonomy":"category","embeddable":true,"href":"https:\/\/www.deberes.net\/tesis\/wp-json\/wp\/v2\/categories?post=47744"},{"taxonomy":"post_tag","embeddable":true,"href":"https:\/\/www.deberes.net\/tesis\/wp-json\/wp\/v2\/tags?post=47744"}],"curies":[{"name":"wp","href":"https:\/\/api.w.org\/{rel}","templated":true}]}}