{"id":48329,"date":"2020-09-18T09:14:09","date_gmt":"2020-09-18T09:14:09","guid":{"rendered":"https:\/\/www.deberes.net\/tesis\/sin-categoria\/variacion-de-la-composicion-del-matorral-mediterraneo-en-relacion-con-la-geomorfologia\/"},"modified":"2020-09-18T09:14:09","modified_gmt":"2020-09-18T09:14:09","slug":"variacion-de-la-composicion-del-matorral-mediterraneo-en-relacion-con-la-geomorfologia","status":"publish","type":"post","link":"https:\/\/www.deberes.net\/tesis\/ciencias-de-la-tierra-y-del-espacio\/variacion-de-la-composicion-del-matorral-mediterraneo-en-relacion-con-la-geomorfologia\/","title":{"rendered":"Variacion de la composicion del matorral mediterraneo en relacion con la geomorfolog\u00eda"},"content":{"rendered":"<h2>Tesis doctoral de <strong> Rocio Fern\u00e1ndez Al\u00e9s <\/strong><\/h2>\n<p>Se ha estudiado la variacion en la composicion del matorral mediterraneo en relacion con caracteristicas geomorfologicas del sustrato en una peque\u00f1a cuenca de drenaje situada en la region extreme\u00f1a. Mediante fotointepretacion se distinguieron 4 unidades geomorfologicas donde se muestreo el matorral realizandose un total de 197 inventarios. Para detectar la estructura del matorral en cada unidad y en el conjunto de la cuenca de emplearon tecnicas de ordenacion. Se pueden detectar dentro de la cuenca 11 tipos distintos de matorral que se corresponden con complejos ambientales caracterizados por su litolog\u00eda y morfolog\u00eda. La relacion entre ambos no es biunivoca porque la relacion entre geomorfolog\u00eda y vegetacion no es causal sino casual. Las formas del terreno estan causadas por procesos geomorfologicos que dan lugar a unas condiciones fisicoquimicas en el sustrato que controlan la composicion de la vegetacion<\/p>\n<p>&nbsp;<\/p>\n<h3>Datos acad\u00e9micos de la tesis doctoral \u00ab<strong>Variacion de la composicion del matorral mediterraneo en relacion con la geomorfolog\u00eda<\/strong>\u00ab<\/h3>\n<ul>\n<li><strong>T\u00edtulo de la tesis:<\/strong>\u00a0 Variacion de la composicion del matorral mediterraneo en relacion con la geomorfolog\u00eda <\/li>\n<li><strong>Autor:<\/strong>\u00a0 Rocio Fern\u00e1ndez Al\u00e9s <\/li>\n<li><strong>Universidad:<\/strong>\u00a0 Sevilla<\/li>\n<li><strong>Fecha de lectura de la tesis:<\/strong>\u00a0 01\/01\/1981<\/li>\n<\/ul>\n<p>&nbsp;<\/p>\n<h3>Direcci\u00f3n y tribunal<\/h3>\n<ul>\n<li><strong>Director de la tesis<\/strong>\n<ul>\n<li>Francisco Garc\u00eda Novo<\/li>\n<\/ul>\n<\/li>\n<li><strong>Tribunal<\/strong>\n<ul>\n<li>Presidente del tribunal: Francisco Garc\u00eda Novo <\/li>\n<li>Benito Valdes Castrillon (vocal)<\/li>\n<li>Julio Perez Silva (vocal)<\/li>\n<li>Salvador Talavera Lozano (vocal)<\/li>\n<\/ul>\n<\/li>\n<\/ul>\n<p>&nbsp;<\/p>\n","protected":false},"excerpt":{"rendered":"<p>Tesis doctoral de Rocio Fern\u00e1ndez Al\u00e9s Se ha estudiado la variacion en la composicion del matorral mediterraneo en relacion con [&hellip;]<\/p>\n","protected":false},"author":1,"featured_media":0,"comment_status":"open","ping_status":"open","sticky":false,"template":"","format":"standard","meta":{"site-sidebar-layout":"default","site-content-layout":"","ast-site-content-layout":"","site-content-style":"default","site-sidebar-style":"default","ast-global-header-display":"","ast-banner-title-visibility":"","ast-main-header-display":"","ast-hfb-above-header-display":"","ast-hfb-below-header-display":"","ast-hfb-mobile-header-display":"","site-post-title":"","ast-breadcrumbs-content":"","ast-featured-img":"","footer-sml-layout":"","theme-transparent-header-meta":"","adv-header-id-meta":"","stick-header-meta":"","header-above-stick-meta":"","header-main-stick-meta":"","header-below-stick-meta":"","astra-migrate-meta-layouts":"default","ast-page-background-enabled":"default","ast-page-background-meta":{"desktop":{"background-color":"var(--ast-global-color-4)","background-image":"","background-repeat":"repeat","background-position":"center center","background-size":"auto","background-attachment":"scroll","background-type":"","background-media":"","overlay-type":"","overlay-color":"","overlay-gradient":""},"tablet":{"background-color":"","background-image":"","background-repeat":"repeat","background-position":"center center","background-size":"auto","background-attachment":"scroll","background-type":"","background-media":"","overlay-type":"","overlay-color":"","overlay-gradient":""},"mobile":{"background-color":"","background-image":"","background-repeat":"repeat","background-position":"center center","background-size":"auto","background-attachment":"scroll","background-type":"","background-media":"","overlay-type":"","overlay-color":"","overlay-gradient":""}},"ast-content-background-meta":{"desktop":{"background-color":"var(--ast-global-color-5)","background-image":"","background-repeat":"repeat","background-position":"center center","background-size":"auto","background-attachment":"scroll","background-type":"","background-media":"","overlay-type":"","overlay-color":"","overlay-gradient":""},"tablet":{"background-color":"var(--ast-global-color-5)","background-image":"","background-repeat":"repeat","background-position":"center center","background-size":"auto","background-attachment":"scroll","background-type":"","background-media":"","overlay-type":"","overlay-color":"","overlay-gradient":""},"mobile":{"background-color":"var(--ast-global-color-5)","background-image":"","background-repeat":"repeat","background-position":"center center","background-size":"auto","background-attachment":"scroll","background-type":"","background-media":"","overlay-type":"","overlay-color":"","overlay-gradient":""}},"footnotes":""},"categories":[972,27,35,620,953,75,10715],"tags":[5698,2671,11246,4292,9527],"class_list":["post-48329","post","type-post","status-publish","format-standard","hentry","category-botanica","category-ciencias-de-la-tierra-y-del-espacio","category-ciencias-de-la-vida","category-ecologia-vegetal","category-geologia","category-geomorfologia","category-sevilla","tag-benito-valdes-castrillon","tag-francisco-garcia-novo","tag-julio-perez-silva","tag-rocio-fernandez-ales","tag-salvador-talavera-lozano"],"_links":{"self":[{"href":"https:\/\/www.deberes.net\/tesis\/wp-json\/wp\/v2\/posts\/48329","targetHints":{"allow":["GET"]}}],"collection":[{"href":"https:\/\/www.deberes.net\/tesis\/wp-json\/wp\/v2\/posts"}],"about":[{"href":"https:\/\/www.deberes.net\/tesis\/wp-json\/wp\/v2\/types\/post"}],"author":[{"embeddable":true,"href":"https:\/\/www.deberes.net\/tesis\/wp-json\/wp\/v2\/users\/1"}],"replies":[{"embeddable":true,"href":"https:\/\/www.deberes.net\/tesis\/wp-json\/wp\/v2\/comments?post=48329"}],"version-history":[{"count":0,"href":"https:\/\/www.deberes.net\/tesis\/wp-json\/wp\/v2\/posts\/48329\/revisions"}],"wp:attachment":[{"href":"https:\/\/www.deberes.net\/tesis\/wp-json\/wp\/v2\/media?parent=48329"}],"wp:term":[{"taxonomy":"category","embeddable":true,"href":"https:\/\/www.deberes.net\/tesis\/wp-json\/wp\/v2\/categories?post=48329"},{"taxonomy":"post_tag","embeddable":true,"href":"https:\/\/www.deberes.net\/tesis\/wp-json\/wp\/v2\/tags?post=48329"}],"curies":[{"name":"wp","href":"https:\/\/api.w.org\/{rel}","templated":true}]}}