{"id":48365,"date":"2020-09-24T10:09:16","date_gmt":"2020-09-24T10:09:16","guid":{"rendered":"https:\/\/www.deberes.net\/tesis\/sin-categoria\/estudio-sistematico-del-genero-allium-l-en-la-peninsula-iberica-e-islas-baleares\/"},"modified":"2020-09-24T10:09:16","modified_gmt":"2020-09-24T10:09:16","slug":"estudio-sistematico-del-genero-allium-l-en-la-peninsula-iberica-e-islas-baleares","status":"publish","type":"post","link":"https:\/\/www.deberes.net\/tesis\/ciencias-de-la-vida\/estudio-sistematico-del-genero-allium-l-en-la-peninsula-iberica-e-islas-baleares\/","title":{"rendered":"Estudio sistematico del genero allium l. en la peninsula iberica e islas baleares"},"content":{"rendered":"<h2>Tesis doctoral de <strong>  Pastor Diaz Julio Enrique <\/strong><\/h2>\n<p>Este estudio biosistematico del genero allium l. Se plantea en dos fases: experimental y taxonomica. En la primera fase se estudian los aspectos de la biolog\u00eda de la reproduccion  cariolog\u00eda  palinolog\u00eda y testa de las semillas. En la segunda fase se revisa la sistematica del genero  basandose en el estudio experimental y se reconocen 43 taxones.<\/p>\n<p>&nbsp;<\/p>\n<h3>Datos acad\u00e9micos de la tesis doctoral \u00ab<strong>Estudio sistematico del genero allium l. en la peninsula iberica e islas baleares<\/strong>\u00ab<\/h3>\n<ul>\n<li><strong>T\u00edtulo de la tesis:<\/strong>\u00a0 Estudio sistematico del genero allium l. en la peninsula iberica e islas baleares <\/li>\n<li><strong>Autor:<\/strong>\u00a0  Pastor Diaz Julio Enrique <\/li>\n<li><strong>Universidad:<\/strong>\u00a0 Sevilla<\/li>\n<li><strong>Fecha de lectura de la tesis:<\/strong>\u00a0 01\/01\/1981<\/li>\n<\/ul>\n<p>&nbsp;<\/p>\n<h3>Direcci\u00f3n y tribunal<\/h3>\n<ul>\n<li><strong>Director de la tesis<\/strong>\n<ul>\n<li>Benito Valdes Castrillon<\/li>\n<\/ul>\n<\/li>\n<li><strong>Tribunal<\/strong>\n<ul>\n<li>Presidente del tribunal: Benito Valdes Castrillon <\/li>\n<li>Enrique Cerd\u00e1 Olmedo (vocal)<\/li>\n<li>Emilio Fernandez Galiano (vocal)<\/li>\n<li>Wolfredo Wildpret De La Torre (vocal)<\/li>\n<\/ul>\n<\/li>\n<\/ul>\n<p>&nbsp;<\/p>\n","protected":false},"excerpt":{"rendered":"<p>Tesis doctoral de Pastor Diaz Julio Enrique Este estudio biosistematico del genero allium l. Se plantea en dos fases: experimental [&hellip;]<\/p>\n","protected":false},"author":1,"featured_media":0,"comment_status":"open","ping_status":"open","sticky":false,"template":"","format":"standard","meta":{"site-sidebar-layout":"default","site-content-layout":"","ast-site-content-layout":"","site-content-style":"default","site-sidebar-style":"default","ast-global-header-display":"","ast-banner-title-visibility":"","ast-main-header-display":"","ast-hfb-above-header-display":"","ast-hfb-below-header-display":"","ast-hfb-mobile-header-display":"","site-post-title":"","ast-breadcrumbs-content":"","ast-featured-img":"","footer-sml-layout":"","theme-transparent-header-meta":"","adv-header-id-meta":"","stick-header-meta":"","header-above-stick-meta":"","header-main-stick-meta":"","header-below-stick-meta":"","astra-migrate-meta-layouts":"default","ast-page-background-enabled":"default","ast-page-background-meta":{"desktop":{"background-color":"var(--ast-global-color-4)","background-image":"","background-repeat":"repeat","background-position":"center center","background-size":"auto","background-attachment":"scroll","background-type":"","background-media":"","overlay-type":"","overlay-color":"","overlay-gradient":""},"tablet":{"background-color":"","background-image":"","background-repeat":"repeat","background-position":"center center","background-size":"auto","background-attachment":"scroll","background-type":"","background-media":"","overlay-type":"","overlay-color":"","overlay-gradient":""},"mobile":{"background-color":"","background-image":"","background-repeat":"repeat","background-position":"center center","background-size":"auto","background-attachment":"scroll","background-type":"","background-media":"","overlay-type":"","overlay-color":"","overlay-gradient":""}},"ast-content-background-meta":{"desktop":{"background-color":"var(--ast-global-color-5)","background-image":"","background-repeat":"repeat","background-position":"center center","background-size":"auto","background-attachment":"scroll","background-type":"","background-media":"","overlay-type":"","overlay-color":"","overlay-gradient":""},"tablet":{"background-color":"var(--ast-global-color-5)","background-image":"","background-repeat":"repeat","background-position":"center center","background-size":"auto","background-attachment":"scroll","background-type":"","background-media":"","overlay-type":"","overlay-color":"","overlay-gradient":""},"mobile":{"background-color":"var(--ast-global-color-5)","background-image":"","background-repeat":"repeat","background-position":"center center","background-size":"auto","background-attachment":"scroll","background-type":"","background-media":"","overlay-type":"","overlay-color":"","overlay-gradient":""}},"footnotes":""},"categories":[972,35,10715,5240],"tags":[5698,108200,9885,55755,10306],"class_list":["post-48365","post","type-post","status-publish","format-standard","hentry","category-botanica","category-ciencias-de-la-vida","category-sevilla","category-taxonomia-vegetal","tag-benito-valdes-castrillon","tag-emilio-fernandez-galiano","tag-enrique-cerda-olmedo","tag-pastor-diaz-julio-enrique","tag-wolfredo-wildpret-de-la-torre"],"_links":{"self":[{"href":"https:\/\/www.deberes.net\/tesis\/wp-json\/wp\/v2\/posts\/48365","targetHints":{"allow":["GET"]}}],"collection":[{"href":"https:\/\/www.deberes.net\/tesis\/wp-json\/wp\/v2\/posts"}],"about":[{"href":"https:\/\/www.deberes.net\/tesis\/wp-json\/wp\/v2\/types\/post"}],"author":[{"embeddable":true,"href":"https:\/\/www.deberes.net\/tesis\/wp-json\/wp\/v2\/users\/1"}],"replies":[{"embeddable":true,"href":"https:\/\/www.deberes.net\/tesis\/wp-json\/wp\/v2\/comments?post=48365"}],"version-history":[{"count":0,"href":"https:\/\/www.deberes.net\/tesis\/wp-json\/wp\/v2\/posts\/48365\/revisions"}],"wp:attachment":[{"href":"https:\/\/www.deberes.net\/tesis\/wp-json\/wp\/v2\/media?parent=48365"}],"wp:term":[{"taxonomy":"category","embeddable":true,"href":"https:\/\/www.deberes.net\/tesis\/wp-json\/wp\/v2\/categories?post=48365"},{"taxonomy":"post_tag","embeddable":true,"href":"https:\/\/www.deberes.net\/tesis\/wp-json\/wp\/v2\/tags?post=48365"}],"curies":[{"name":"wp","href":"https:\/\/api.w.org\/{rel}","templated":true}]}}