{"id":4839,"date":"1995-01-01T00:00:00","date_gmt":"1995-01-01T00:00:00","guid":{"rendered":"https:\/\/www.deberes.net\/tesis\/1995\/01\/01\/el-clima-de-montana-en-extremadura-delimitacion-y-analisis-sistemico\/"},"modified":"1995-01-01T00:00:00","modified_gmt":"1995-01-01T00:00:00","slug":"el-clima-de-montana-en-extremadura-delimitacion-y-analisis-sistemico","status":"publish","type":"post","link":"https:\/\/www.deberes.net\/tesis\/ciencias-de-la-tierra-y-del-espacio\/el-clima-de-montana-en-extremadura-delimitacion-y-analisis-sistemico\/","title":{"rendered":"El clima de monta\u00f1a en extremadura. delimitacion y analisis sistemico."},"content":{"rendered":"<h2>Tesis doctoral de <strong> Jos\u00e9 Manuel S\u00e1nchez Mart\u00edn <\/strong><\/h2>\n<p>El clima de monta\u00f1a en extremadura posee una enorme complejidad debido a la interrelacion de los diferentes factores geograficos. Por este motivo, se ha pretendido efectuar una delimitacion y analisis de esta diversidad climatica, teniendo en cuenta la influencia que tiene cada factor geografico. Todo ello ha supuesto la elaboracion de una metodolog\u00eda analitica de nuevo cu\u00f1o que permite determinar, de forma aproximada, las alteraciones termopluviometricas que introduce cada factor geografico. De este modo se llega a la conclusion de que el clima de monta\u00f1a debe definirse y clasificarse en virtud de las modificaciones climaticas que introduce la altitud, en sentido amplio y restringido, como factor fundamental, ademas de otros factores, igualmente individualizados, como la longitud, la latitud, la exposicion y el emplazamiento.<\/p>\n<p>&nbsp;<\/p>\n<h3>Datos acad\u00e9micos de la tesis doctoral \u00ab<strong>El clima de monta\u00f1a en extremadura. delimitacion y analisis sistemico.<\/strong>\u00ab<\/h3>\n<ul>\n<li><strong>T\u00edtulo de la tesis:<\/strong>\u00a0 El clima de monta\u00f1a en extremadura. delimitacion y analisis sistemico. <\/li>\n<li><strong>Autor:<\/strong>\u00a0 Jos\u00e9 Manuel S\u00e1nchez Mart\u00edn <\/li>\n<li><strong>Universidad:<\/strong>\u00a0 Extremadura<\/li>\n<li><strong>Fecha de lectura de la tesis:<\/strong>\u00a0 01\/01\/1995<\/li>\n<\/ul>\n<p>&nbsp;<\/p>\n<h3>Direcci\u00f3n y tribunal<\/h3>\n<ul>\n<li><strong>Director de la tesis<\/strong>\n<ul>\n<li>Eduardo Alvarado Corrales<\/li>\n<\/ul>\n<\/li>\n<li><strong>Tribunal<\/strong>\n<ul>\n<li>Presidente del tribunal:  Capel Molina Jos\u00e9 Jaime <\/li>\n<li>Jos\u00e9 Mar\u00eda Cuadrat Prats (vocal)<\/li>\n<li>Javier Martin Vide (vocal)<\/li>\n<li> Pita Lopez M. Fernanda (vocal)<\/li>\n<\/ul>\n<\/li>\n<\/ul>\n<p>&nbsp;<\/p>\n","protected":false},"excerpt":{"rendered":"<p>Tesis doctoral de Jos\u00e9 Manuel S\u00e1nchez Mart\u00edn El clima de monta\u00f1a en extremadura posee una enorme complejidad debido a la [&hellip;]<\/p>\n","protected":false},"author":1,"featured_media":0,"comment_status":"open","ping_status":"open","sticky":false,"template":"","format":"standard","meta":{"site-sidebar-layout":"default","site-content-layout":"","ast-site-content-layout":"","site-content-style":"default","site-sidebar-style":"default","ast-global-header-display":"","ast-banner-title-visibility":"","ast-main-header-display":"","ast-hfb-above-header-display":"","ast-hfb-below-header-display":"","ast-hfb-mobile-header-display":"","site-post-title":"","ast-breadcrumbs-content":"","ast-featured-img":"","footer-sml-layout":"","theme-transparent-header-meta":"","adv-header-id-meta":"","stick-header-meta":"","header-above-stick-meta":"","header-main-stick-meta":"","header-below-stick-meta":"","astra-migrate-meta-layouts":"default","ast-page-background-enabled":"default","ast-page-background-meta":{"desktop":{"background-color":"var(--ast-global-color-4)","background-image":"","background-repeat":"repeat","background-position":"center center","background-size":"auto","background-attachment":"scroll","background-type":"","background-media":"","overlay-type":"","overlay-color":"","overlay-gradient":""},"tablet":{"background-color":"","background-image":"","background-repeat":"repeat","background-position":"center center","background-size":"auto","background-attachment":"scroll","background-type":"","background-media":"","overlay-type":"","overlay-color":"","overlay-gradient":""},"mobile":{"background-color":"","background-image":"","background-repeat":"repeat","background-position":"center center","background-size":"auto","background-attachment":"scroll","background-type":"","background-media":"","overlay-type":"","overlay-color":"","overlay-gradient":""}},"ast-content-background-meta":{"desktop":{"background-color":"var(--ast-global-color-5)","background-image":"","background-repeat":"repeat","background-position":"center center","background-size":"auto","background-attachment":"scroll","background-type":"","background-media":"","overlay-type":"","overlay-color":"","overlay-gradient":""},"tablet":{"background-color":"var(--ast-global-color-5)","background-image":"","background-repeat":"repeat","background-position":"center center","background-size":"auto","background-attachment":"scroll","background-type":"","background-media":"","overlay-type":"","overlay-color":"","overlay-gradient":""},"mobile":{"background-color":"var(--ast-global-color-5)","background-image":"","background-repeat":"repeat","background-position":"center center","background-size":"auto","background-attachment":"scroll","background-type":"","background-media":"","overlay-type":"","overlay-color":"","overlay-gradient":""}},"footnotes":""},"categories":[27,4329,7201,19609,949],"tags":[19611,19528,4331,19610,19612,19613],"class_list":["post-4839","post","type-post","status-publish","format-standard","hentry","category-ciencias-de-la-tierra-y-del-espacio","category-climatologia","category-climatologia-analitica","category-climatologia-de-montana","category-extremadura","tag-capel-molina-jose-jaime","tag-eduardo-alvarado-corrales","tag-javier-martin-vide","tag-jose-manuel-sanchez-martin","tag-jose-maria-cuadrat-prats","tag-pita-lopez-m-fernanda"],"_links":{"self":[{"href":"https:\/\/www.deberes.net\/tesis\/wp-json\/wp\/v2\/posts\/4839","targetHints":{"allow":["GET"]}}],"collection":[{"href":"https:\/\/www.deberes.net\/tesis\/wp-json\/wp\/v2\/posts"}],"about":[{"href":"https:\/\/www.deberes.net\/tesis\/wp-json\/wp\/v2\/types\/post"}],"author":[{"embeddable":true,"href":"https:\/\/www.deberes.net\/tesis\/wp-json\/wp\/v2\/users\/1"}],"replies":[{"embeddable":true,"href":"https:\/\/www.deberes.net\/tesis\/wp-json\/wp\/v2\/comments?post=4839"}],"version-history":[{"count":0,"href":"https:\/\/www.deberes.net\/tesis\/wp-json\/wp\/v2\/posts\/4839\/revisions"}],"wp:attachment":[{"href":"https:\/\/www.deberes.net\/tesis\/wp-json\/wp\/v2\/media?parent=4839"}],"wp:term":[{"taxonomy":"category","embeddable":true,"href":"https:\/\/www.deberes.net\/tesis\/wp-json\/wp\/v2\/categories?post=4839"},{"taxonomy":"post_tag","embeddable":true,"href":"https:\/\/www.deberes.net\/tesis\/wp-json\/wp\/v2\/tags?post=4839"}],"curies":[{"name":"wp","href":"https:\/\/api.w.org\/{rel}","templated":true}]}}