{"id":48497,"date":"2020-10-16T09:14:29","date_gmt":"2020-10-16T09:14:29","guid":{"rendered":"https:\/\/www.deberes.net\/tesis\/sin-categoria\/el-condado-de-benavente-en-el-siglo-xv\/"},"modified":"2020-10-16T09:14:29","modified_gmt":"2020-10-16T09:14:29","slug":"el-condado-de-benavente-en-el-siglo-xv","status":"publish","type":"post","link":"https:\/\/www.deberes.net\/tesis\/historia\/el-condado-de-benavente-en-el-siglo-xv\/","title":{"rendered":"El condado de benavente en el siglo xv"},"content":{"rendered":"<h2>Tesis doctoral de <strong> Isabel Beceiro Pita <\/strong><\/h2>\n<p>Estudio realizado tomando como base el desarrollo del patrimonio de los pimentel en el siglo xv orientado en una triple vertiente: 1) su papel en las luchas politicas desde finales del siglo xiv; 2) el estudio del incremento progresivo de su patrimonio; 3) las caracteristicas de las rentas que perciben y su evolucion asi como su adcripcion a unos gastos concretos. A lo largo de toda la exposicion se analizan el ejercicio de las atribuciones se\u00f1oriales y las relaciones del conde con los concejos y vasallos.<\/p>\n<p>&nbsp;<\/p>\n<h3>Datos acad\u00e9micos de la tesis doctoral \u00ab<strong>El condado de benavente en el siglo xv<\/strong>\u00ab<\/h3>\n<ul>\n<li><strong>T\u00edtulo de la tesis:<\/strong>\u00a0 El condado de benavente en el siglo xv <\/li>\n<li><strong>Autor:<\/strong>\u00a0 Isabel Beceiro Pita <\/li>\n<li><strong>Universidad:<\/strong>\u00a0 Valladolid<\/li>\n<li><strong>Fecha de lectura de la tesis:<\/strong>\u00a0 01\/01\/1981<\/li>\n<\/ul>\n<p>&nbsp;<\/p>\n<h3>Direcci\u00f3n y tribunal<\/h3>\n<ul>\n<li><strong>Director de la tesis<\/strong>\n<ul>\n<li>Julio Valde\u00f3n Baruque<\/li>\n<\/ul>\n<\/li>\n<li><strong>Tribunal<\/strong>\n<ul>\n<li>Presidente del tribunal: Julio Valde\u00f3n Baruque <\/li>\n<li> Ruiz Asencio Jos\u00e9 Manuel (vocal)<\/li>\n<li>Jos\u00e9 Luis Mart\u00edn Rodr\u00edguez (vocal)<\/li>\n<li>Jos\u00e9 \u00e1ngel Garc\u00eda De Cort\u00e1zar Ruiz De Aguirre (vocal)<\/li>\n<\/ul>\n<\/li>\n<\/ul>\n<p>&nbsp;<\/p>\n","protected":false},"excerpt":{"rendered":"<p>Tesis doctoral de Isabel Beceiro Pita Estudio realizado tomando como base el desarrollo del patrimonio de los pimentel en el [&hellip;]<\/p>\n","protected":false},"author":1,"featured_media":0,"comment_status":"open","ping_status":"open","sticky":false,"template":"","format":"standard","meta":{"site-sidebar-layout":"default","site-content-layout":"","ast-site-content-layout":"","site-content-style":"default","site-sidebar-style":"default","ast-global-header-display":"","ast-banner-title-visibility":"","ast-main-header-display":"","ast-hfb-above-header-display":"","ast-hfb-below-header-display":"","ast-hfb-mobile-header-display":"","site-post-title":"","ast-breadcrumbs-content":"","ast-featured-img":"","footer-sml-layout":"","theme-transparent-header-meta":"","adv-header-id-meta":"","stick-header-meta":"","header-above-stick-meta":"","header-main-stick-meta":"","header-below-stick-meta":"","astra-migrate-meta-layouts":"default","ast-page-background-enabled":"default","ast-page-background-meta":{"desktop":{"background-color":"var(--ast-global-color-4)","background-image":"","background-repeat":"repeat","background-position":"center center","background-size":"auto","background-attachment":"scroll","background-type":"","background-media":"","overlay-type":"","overlay-color":"","overlay-gradient":""},"tablet":{"background-color":"","background-image":"","background-repeat":"repeat","background-position":"center center","background-size":"auto","background-attachment":"scroll","background-type":"","background-media":"","overlay-type":"","overlay-color":"","overlay-gradient":""},"mobile":{"background-color":"","background-image":"","background-repeat":"repeat","background-position":"center center","background-size":"auto","background-attachment":"scroll","background-type":"","background-media":"","overlay-type":"","overlay-color":"","overlay-gradient":""}},"ast-content-background-meta":{"desktop":{"background-color":"var(--ast-global-color-5)","background-image":"","background-repeat":"repeat","background-position":"center center","background-size":"auto","background-attachment":"scroll","background-type":"","background-media":"","overlay-type":"","overlay-color":"","overlay-gradient":""},"tablet":{"background-color":"var(--ast-global-color-5)","background-image":"","background-repeat":"repeat","background-position":"center center","background-size":"auto","background-attachment":"scroll","background-type":"","background-media":"","overlay-type":"","overlay-color":"","overlay-gradient":""},"mobile":{"background-color":"var(--ast-global-color-5)","background-image":"","background-repeat":"repeat","background-position":"center center","background-size":"auto","background-attachment":"scroll","background-type":"","background-media":"","overlay-type":"","overlay-color":"","overlay-gradient":""}},"footnotes":""},"categories":[104,119,220,12451],"tags":[112832,642,422,12714,12896],"class_list":["post-48497","post","type-post","status-publish","format-standard","hentry","category-historia","category-historia-medieval","category-historia-por-epocas","category-valladolid","tag-isabel-beceiro-pita","tag-jose-angel-garcia-de-cortazar-ruiz-de-aguirre","tag-jose-luis-martin-rodriguez","tag-julio-valdeon-baruque","tag-ruiz-asencio-jose-manuel"],"_links":{"self":[{"href":"https:\/\/www.deberes.net\/tesis\/wp-json\/wp\/v2\/posts\/48497","targetHints":{"allow":["GET"]}}],"collection":[{"href":"https:\/\/www.deberes.net\/tesis\/wp-json\/wp\/v2\/posts"}],"about":[{"href":"https:\/\/www.deberes.net\/tesis\/wp-json\/wp\/v2\/types\/post"}],"author":[{"embeddable":true,"href":"https:\/\/www.deberes.net\/tesis\/wp-json\/wp\/v2\/users\/1"}],"replies":[{"embeddable":true,"href":"https:\/\/www.deberes.net\/tesis\/wp-json\/wp\/v2\/comments?post=48497"}],"version-history":[{"count":0,"href":"https:\/\/www.deberes.net\/tesis\/wp-json\/wp\/v2\/posts\/48497\/revisions"}],"wp:attachment":[{"href":"https:\/\/www.deberes.net\/tesis\/wp-json\/wp\/v2\/media?parent=48497"}],"wp:term":[{"taxonomy":"category","embeddable":true,"href":"https:\/\/www.deberes.net\/tesis\/wp-json\/wp\/v2\/categories?post=48497"},{"taxonomy":"post_tag","embeddable":true,"href":"https:\/\/www.deberes.net\/tesis\/wp-json\/wp\/v2\/tags?post=48497"}],"curies":[{"name":"wp","href":"https:\/\/api.w.org\/{rel}","templated":true}]}}