{"id":48517,"date":"2020-10-19T17:47:27","date_gmt":"2020-10-19T17:47:27","guid":{"rendered":"https:\/\/www.deberes.net\/tesis\/sin-categoria\/estudio-de-las-glicohemoglobinas-en-la-diabetes-gestacional-en-ninos-diabeticos-y-en-fibrosis-quistica\/"},"modified":"2020-10-19T17:47:27","modified_gmt":"2020-10-19T17:47:27","slug":"estudio-de-las-glicohemoglobinas-en-la-diabetes-gestacional-en-ninos-diabeticos-y-en-fibrosis-quistica","status":"publish","type":"post","link":"https:\/\/www.deberes.net\/tesis\/ciencias-medicas\/estudio-de-las-glicohemoglobinas-en-la-diabetes-gestacional-en-ninos-diabeticos-y-en-fibrosis-quistica\/","title":{"rendered":"Estudio de las glicohemoglobinas en la diabetes gestacional, en ni\u00f1os diabeticos y en fibrosis quistica."},"content":{"rendered":"<h2>Tesis doctoral de <strong> Florinda Hermoso L\u00f3pez <\/strong><\/h2>\n<p>Se ha estudiado la tasa de glicohemoglobinas en tres grupos de pacientes: ni\u00f1os diabeticos  gestantes normales y diabeticos y sus recien nacidos y ni\u00f1os afectos de fibrosis quistica  utilizando tres metodolog\u00edas diferentes. En los ni\u00f1os diabeticos se comprueba la utilidad del metodo para detectar alteraciones del metabolismo hidrocarbonado. Las tasas de glicohemoglobinas no se modificaron durante la gestacion en las madres normales y diabeticas gestacionales con hijos normales  mientras que se elevo paulatinamente durante el embarazo en las diabetes gestacionales con hijos patologicos. En los recien nacidos las tasas glicohemoglobinas fueron independientes de la patolog\u00eda hidrocarbonada de la madre  encontrandose cifras similares a la del adulto debidas a la glicosilacion  en este caso  de la hemoglobina fetal. En los ni\u00f1os afectos de fibrosis quistica se encontraron tasas de glicohemoglobinas altas solamente cuando la funcion del pancreas endocrino estaba alterada.<\/p>\n<p>&nbsp;<\/p>\n<h3>Datos acad\u00e9micos de la tesis doctoral \u00ab<strong>Estudio de las glicohemoglobinas en la diabetes gestacional, en ni\u00f1os diabeticos y en fibrosis quistica.<\/strong>\u00ab<\/h3>\n<ul>\n<li><strong>T\u00edtulo de la tesis:<\/strong>\u00a0 Estudio de las glicohemoglobinas en la diabetes gestacional, en ni\u00f1os diabeticos y en fibrosis quistica. <\/li>\n<li><strong>Autor:<\/strong>\u00a0 Florinda Hermoso L\u00f3pez <\/li>\n<li><strong>Universidad:<\/strong>\u00a0 Valladolid<\/li>\n<li><strong>Fecha de lectura de la tesis:<\/strong>\u00a0 01\/01\/1981<\/li>\n<\/ul>\n<p>&nbsp;<\/p>\n<h3>Direcci\u00f3n y tribunal<\/h3>\n<ul>\n<li><strong>Director de la tesis<\/strong>\n<ul>\n<li> Sanchez Sanchez Villares Ernesto<\/li>\n<\/ul>\n<\/li>\n<li><strong>Tribunal<\/strong>\n<ul>\n<li>Presidente del tribunal: Olegario Ortiz Manchado <\/li>\n<li> Sanchez Y Sanchez-villares Ernesto (vocal)<\/li>\n<li>Ramon Velasco Alonso (vocal)<\/li>\n<li>Jos\u00e9 Navarro Clemente (vocal)<\/li>\n<\/ul>\n<\/li>\n<\/ul>\n<p>&nbsp;<\/p>\n","protected":false},"excerpt":{"rendered":"<p>Tesis doctoral de Florinda Hermoso L\u00f3pez Se ha estudiado la tasa de glicohemoglobinas en tres grupos de pacientes: ni\u00f1os diabeticos [&hellip;]<\/p>\n","protected":false},"author":1,"featured_media":0,"comment_status":"open","ping_status":"open","sticky":false,"template":"","format":"standard","meta":{"site-sidebar-layout":"default","site-content-layout":"","ast-site-content-layout":"","site-content-style":"default","site-sidebar-style":"default","ast-global-header-display":"","ast-banner-title-visibility":"","ast-main-header-display":"","ast-hfb-above-header-display":"","ast-hfb-below-header-display":"","ast-hfb-mobile-header-display":"","site-post-title":"","ast-breadcrumbs-content":"","ast-featured-img":"","footer-sml-layout":"","theme-transparent-header-meta":"","adv-header-id-meta":"","stick-header-meta":"","header-above-stick-meta":"","header-main-stick-meta":"","header-below-stick-meta":"","astra-migrate-meta-layouts":"default","ast-page-background-enabled":"default","ast-page-background-meta":{"desktop":{"background-color":"var(--ast-global-color-4)","background-image":"","background-repeat":"repeat","background-position":"center center","background-size":"auto","background-attachment":"scroll","background-type":"","background-media":"","overlay-type":"","overlay-color":"","overlay-gradient":""},"tablet":{"background-color":"","background-image":"","background-repeat":"repeat","background-position":"center center","background-size":"auto","background-attachment":"scroll","background-type":"","background-media":"","overlay-type":"","overlay-color":"","overlay-gradient":""},"mobile":{"background-color":"","background-image":"","background-repeat":"repeat","background-position":"center center","background-size":"auto","background-attachment":"scroll","background-type":"","background-media":"","overlay-type":"","overlay-color":"","overlay-gradient":""}},"ast-content-background-meta":{"desktop":{"background-color":"var(--ast-global-color-5)","background-image":"","background-repeat":"repeat","background-position":"center center","background-size":"auto","background-attachment":"scroll","background-type":"","background-media":"","overlay-type":"","overlay-color":"","overlay-gradient":""},"tablet":{"background-color":"var(--ast-global-color-5)","background-image":"","background-repeat":"repeat","background-position":"center center","background-size":"auto","background-attachment":"scroll","background-type":"","background-media":"","overlay-type":"","overlay-color":"","overlay-gradient":""},"mobile":{"background-color":"var(--ast-global-color-5)","background-image":"","background-repeat":"repeat","background-position":"center center","background-size":"auto","background-attachment":"scroll","background-type":"","background-media":"","overlay-type":"","overlay-color":"","overlay-gradient":""}},"footnotes":""},"categories":[155,9,161,12451],"tags":[48231,1711,27831,108654,112848,112849],"class_list":["post-48517","post","type-post","status-publish","format-standard","hentry","category-ciencias-clinicas","category-ciencias-medicas","category-pediatria","category-valladolid","tag-florinda-hermoso-lopez","tag-jose-navarro-clemente","tag-olegario-ortiz-manchado","tag-ramon-velasco-alonso","tag-sanchez-sanchez-villares-ernesto","tag-sanchez-y-sanchez-villares-ernesto"],"_links":{"self":[{"href":"https:\/\/www.deberes.net\/tesis\/wp-json\/wp\/v2\/posts\/48517","targetHints":{"allow":["GET"]}}],"collection":[{"href":"https:\/\/www.deberes.net\/tesis\/wp-json\/wp\/v2\/posts"}],"about":[{"href":"https:\/\/www.deberes.net\/tesis\/wp-json\/wp\/v2\/types\/post"}],"author":[{"embeddable":true,"href":"https:\/\/www.deberes.net\/tesis\/wp-json\/wp\/v2\/users\/1"}],"replies":[{"embeddable":true,"href":"https:\/\/www.deberes.net\/tesis\/wp-json\/wp\/v2\/comments?post=48517"}],"version-history":[{"count":0,"href":"https:\/\/www.deberes.net\/tesis\/wp-json\/wp\/v2\/posts\/48517\/revisions"}],"wp:attachment":[{"href":"https:\/\/www.deberes.net\/tesis\/wp-json\/wp\/v2\/media?parent=48517"}],"wp:term":[{"taxonomy":"category","embeddable":true,"href":"https:\/\/www.deberes.net\/tesis\/wp-json\/wp\/v2\/categories?post=48517"},{"taxonomy":"post_tag","embeddable":true,"href":"https:\/\/www.deberes.net\/tesis\/wp-json\/wp\/v2\/tags?post=48517"}],"curies":[{"name":"wp","href":"https:\/\/api.w.org\/{rel}","templated":true}]}}