{"id":48573,"date":"2020-10-28T21:25:11","date_gmt":"2020-10-28T21:25:11","guid":{"rendered":"https:\/\/www.deberes.net\/tesis\/sin-categoria\/el-clima-del-pirineo-central-ensayo-de-aplicacion-al-turismo-de-montana\/"},"modified":"2020-10-28T21:25:11","modified_gmt":"2020-10-28T21:25:11","slug":"el-clima-del-pirineo-central-ensayo-de-aplicacion-al-turismo-de-montana","status":"publish","type":"post","link":"https:\/\/www.deberes.net\/tesis\/ciencias-de-la-tierra-y-del-espacio\/el-clima-del-pirineo-central-ensayo-de-aplicacion-al-turismo-de-montana\/","title":{"rendered":"El clima del pirineo central. ensayo de aplicacion al turismo de monta\u00f1a."},"content":{"rendered":"<h2>Tesis doctoral de <strong> Jos\u00e9 Mar\u00eda Cuadrat Prats <\/strong><\/h2>\n<p>La importancia que en los ultimos tiempos adquiere el turismo y el proceso de transformacion que experimentan las areas de monta\u00f1a  sin duda pasan por la utilizacion y aprovechamiento racional de sus recursos naturales y entre ellos estan los climaticos  por ello deben ser bien conocidos antes de poderlos explotar racionalmente. En este aspecto  el sentido de esta tesis es el de disponer de una informacion que contribuya a enjuiciar las caracteristicas y el comportamiento de las distintas alternativas existentes desde el punto de vista bioclimatico y ambiental en el pirineo central. El estudio se plantea en principio el conocimiento temporal y espacial de cada uno de los elementos del clima  y en segundo lugar lo aplica al turismo  estableciendo un modelo de tipos de tiempo que permite individualizar las combinaciones esenciales del clima realmente sentido y vivido por el hombre. Esta informacion se presenta tambien de forma cartografica para permitir la visualizacion y mejor comprension de cada uno de sus aspectos<\/p>\n<p>&nbsp;<\/p>\n<h3>Datos acad\u00e9micos de la tesis doctoral \u00ab<strong>El clima del pirineo central. ensayo de aplicacion al turismo de monta\u00f1a.<\/strong>\u00ab<\/h3>\n<ul>\n<li><strong>T\u00edtulo de la tesis:<\/strong>\u00a0 El clima del pirineo central. ensayo de aplicacion al turismo de monta\u00f1a. <\/li>\n<li><strong>Autor:<\/strong>\u00a0 Jos\u00e9 Mar\u00eda Cuadrat Prats <\/li>\n<li><strong>Universidad:<\/strong>\u00a0 Zaragoza<\/li>\n<li><strong>Fecha de lectura de la tesis:<\/strong>\u00a0 01\/01\/1981<\/li>\n<\/ul>\n<p>&nbsp;<\/p>\n<h3>Direcci\u00f3n y tribunal<\/h3>\n<ul>\n<li><strong>Director de la tesis<\/strong>\n<ul>\n<li>Antonio Higueras Arnal<\/li>\n<\/ul>\n<\/li>\n<li><strong>Tribunal<\/strong>\n<ul>\n<li>Presidente del tribunal: Antonio Higueras Arnal <\/li>\n<li> Bielza De Ory Vicente (vocal)<\/li>\n<li>Jose-manuel Casas Torres (vocal)<\/li>\n<li>Manuela Solans Castro (vocal)<\/li>\n<\/ul>\n<\/li>\n<\/ul>\n<p>&nbsp;<\/p>\n","protected":false},"excerpt":{"rendered":"<p>Tesis doctoral de Jos\u00e9 Mar\u00eda Cuadrat Prats La importancia que en los ultimos tiempos adquiere el turismo y el proceso [&hellip;]<\/p>\n","protected":false},"author":1,"featured_media":0,"comment_status":"open","ping_status":"open","sticky":false,"template":"","format":"standard","meta":{"site-sidebar-layout":"default","site-content-layout":"","ast-site-content-layout":"","site-content-style":"default","site-sidebar-style":"default","ast-global-header-display":"","ast-banner-title-visibility":"","ast-main-header-display":"","ast-hfb-above-header-display":"","ast-hfb-below-header-display":"","ast-hfb-mobile-header-display":"","site-post-title":"","ast-breadcrumbs-content":"","ast-featured-img":"","footer-sml-layout":"","theme-transparent-header-meta":"","adv-header-id-meta":"","stick-header-meta":"","header-above-stick-meta":"","header-main-stick-meta":"","header-below-stick-meta":"","astra-migrate-meta-layouts":"default","ast-page-background-enabled":"default","ast-page-background-meta":{"desktop":{"background-color":"var(--ast-global-color-4)","background-image":"","background-repeat":"repeat","background-position":"center center","background-size":"auto","background-attachment":"scroll","background-type":"","background-media":"","overlay-type":"","overlay-color":"","overlay-gradient":""},"tablet":{"background-color":"","background-image":"","background-repeat":"repeat","background-position":"center center","background-size":"auto","background-attachment":"scroll","background-type":"","background-media":"","overlay-type":"","overlay-color":"","overlay-gradient":""},"mobile":{"background-color":"","background-image":"","background-repeat":"repeat","background-position":"center center","background-size":"auto","background-attachment":"scroll","background-type":"","background-media":"","overlay-type":"","overlay-color":"","overlay-gradient":""}},"ast-content-background-meta":{"desktop":{"background-color":"var(--ast-global-color-5)","background-image":"","background-repeat":"repeat","background-position":"center center","background-size":"auto","background-attachment":"scroll","background-type":"","background-media":"","overlay-type":"","overlay-color":"","overlay-gradient":""},"tablet":{"background-color":"var(--ast-global-color-5)","background-image":"","background-repeat":"repeat","background-position":"center center","background-size":"auto","background-attachment":"scroll","background-type":"","background-media":"","overlay-type":"","overlay-color":"","overlay-gradient":""},"mobile":{"background-color":"var(--ast-global-color-5)","background-image":"","background-repeat":"repeat","background-position":"center center","background-size":"auto","background-attachment":"scroll","background-type":"","background-media":"","overlay-type":"","overlay-color":"","overlay-gradient":""}},"footnotes":""},"categories":[27,82,4329,19609,963,7946,13610],"tags":[3094,31465,19612,5745,112892],"class_list":["post-48573","post","type-post","status-publish","format-standard","hentry","category-ciencias-de-la-tierra-y-del-espacio","category-ciencias-economicas","category-climatologia","category-climatologia-de-montana","category-economia-sectorial","category-sector-de-hosteleria-y-turismo","category-zaragoza","tag-antonio-higueras-arnal","tag-bielza-de-ory-vicente","tag-jose-maria-cuadrat-prats","tag-jose-manuel-casas-torres","tag-manuela-solans-castro"],"_links":{"self":[{"href":"https:\/\/www.deberes.net\/tesis\/wp-json\/wp\/v2\/posts\/48573","targetHints":{"allow":["GET"]}}],"collection":[{"href":"https:\/\/www.deberes.net\/tesis\/wp-json\/wp\/v2\/posts"}],"about":[{"href":"https:\/\/www.deberes.net\/tesis\/wp-json\/wp\/v2\/types\/post"}],"author":[{"embeddable":true,"href":"https:\/\/www.deberes.net\/tesis\/wp-json\/wp\/v2\/users\/1"}],"replies":[{"embeddable":true,"href":"https:\/\/www.deberes.net\/tesis\/wp-json\/wp\/v2\/comments?post=48573"}],"version-history":[{"count":0,"href":"https:\/\/www.deberes.net\/tesis\/wp-json\/wp\/v2\/posts\/48573\/revisions"}],"wp:attachment":[{"href":"https:\/\/www.deberes.net\/tesis\/wp-json\/wp\/v2\/media?parent=48573"}],"wp:term":[{"taxonomy":"category","embeddable":true,"href":"https:\/\/www.deberes.net\/tesis\/wp-json\/wp\/v2\/categories?post=48573"},{"taxonomy":"post_tag","embeddable":true,"href":"https:\/\/www.deberes.net\/tesis\/wp-json\/wp\/v2\/tags?post=48573"}],"curies":[{"name":"wp","href":"https:\/\/api.w.org\/{rel}","templated":true}]}}