{"id":48632,"date":"2020-11-07T09:24:21","date_gmt":"2020-11-07T09:24:21","guid":{"rendered":"https:\/\/www.deberes.net\/tesis\/sin-categoria\/ideologia-y-politica-la-iglesia-catolica-espanola-1936-1959\/"},"modified":"2020-11-07T09:24:21","modified_gmt":"2020-11-07T09:24:21","slug":"ideologia-y-politica-la-iglesia-catolica-espanola-1936-1959","status":"publish","type":"post","link":"https:\/\/www.deberes.net\/tesis\/historia\/ideologia-y-politica-la-iglesia-catolica-espanola-1936-1959\/","title":{"rendered":"Ideolog\u00eda y politica. la iglesia catolica espa\u00f1ola 1936-1959."},"content":{"rendered":"<h2>Tesis doctoral de <strong>  Tello Lazaro Jos\u00e9 Angel <\/strong><\/h2>\n<p>La tesis se plantea el analisis del discurso ideologico eclesial plasmado en los documentos pastorales de los obispos espa\u00f1oles. A lo largo de la tesis se analizan los contenidos del discurso en torno a la estructura politica las relaciones de produccion y el area educativa introduciendo el tema desde la perspectiva historica anterior de la epoca de la restauracion la ii republica y la guerra civil.<\/p>\n<p>&nbsp;<\/p>\n<h3>Datos acad\u00e9micos de la tesis doctoral \u00ab<strong>Ideolog\u00eda y politica. la iglesia catolica espa\u00f1ola 1936-1959.<\/strong>\u00ab<\/h3>\n<ul>\n<li><strong>T\u00edtulo de la tesis:<\/strong>\u00a0 Ideolog\u00eda y politica. la iglesia catolica espa\u00f1ola 1936-1959. <\/li>\n<li><strong>Autor:<\/strong>\u00a0  Tello Lazaro Jos\u00e9 Angel <\/li>\n<li><strong>Universidad:<\/strong>\u00a0 Zaragoza<\/li>\n<li><strong>Fecha de lectura de la tesis:<\/strong>\u00a0 01\/01\/1981<\/li>\n<\/ul>\n<p>&nbsp;<\/p>\n<h3>Direcci\u00f3n y tribunal<\/h3>\n<ul>\n<li><strong>Director de la tesis<\/strong>\n<ul>\n<li>Manuel Ramirez Jimenez<\/li>\n<\/ul>\n<\/li>\n<li><strong>Tribunal<\/strong>\n<ul>\n<li>Presidente del tribunal: Manuel Ramirez Jimenez <\/li>\n<li> Ruiz-rico Lopez-lendinez Juan  Jos\u00e9 (vocal)<\/li>\n<li>Francisco Murillo Ferrol (vocal)<\/li>\n<li>Jos\u00e9 Ramon Montero Gibert (vocal)<\/li>\n<\/ul>\n<\/li>\n<\/ul>\n<p>&nbsp;<\/p>\n","protected":false},"excerpt":{"rendered":"<p>Tesis doctoral de Tello Lazaro Jos\u00e9 Angel La tesis se plantea el analisis del discurso ideologico eclesial plasmado en los [&hellip;]<\/p>\n","protected":false},"author":1,"featured_media":0,"comment_status":"open","ping_status":"open","sticky":false,"template":"","format":"standard","meta":{"site-sidebar-layout":"default","site-content-layout":"","ast-site-content-layout":"","site-content-style":"default","site-sidebar-style":"default","ast-global-header-display":"","ast-banner-title-visibility":"","ast-main-header-display":"","ast-hfb-above-header-display":"","ast-hfb-below-header-display":"","ast-hfb-mobile-header-display":"","site-post-title":"","ast-breadcrumbs-content":"","ast-featured-img":"","footer-sml-layout":"","theme-transparent-header-meta":"","adv-header-id-meta":"","stick-header-meta":"","header-above-stick-meta":"","header-main-stick-meta":"","header-below-stick-meta":"","astra-migrate-meta-layouts":"default","ast-page-background-enabled":"default","ast-page-background-meta":{"desktop":{"background-color":"var(--ast-global-color-4)","background-image":"","background-repeat":"repeat","background-position":"center center","background-size":"auto","background-attachment":"scroll","background-type":"","background-media":"","overlay-type":"","overlay-color":"","overlay-gradient":""},"tablet":{"background-color":"","background-image":"","background-repeat":"repeat","background-position":"center center","background-size":"auto","background-attachment":"scroll","background-type":"","background-media":"","overlay-type":"","overlay-color":"","overlay-gradient":""},"mobile":{"background-color":"","background-image":"","background-repeat":"repeat","background-position":"center center","background-size":"auto","background-attachment":"scroll","background-type":"","background-media":"","overlay-type":"","overlay-color":"","overlay-gradient":""}},"ast-content-background-meta":{"desktop":{"background-color":"var(--ast-global-color-5)","background-image":"","background-repeat":"repeat","background-position":"center center","background-size":"auto","background-attachment":"scroll","background-type":"","background-media":"","overlay-type":"","overlay-color":"","overlay-gradient":""},"tablet":{"background-color":"var(--ast-global-color-5)","background-image":"","background-repeat":"repeat","background-position":"center center","background-size":"auto","background-attachment":"scroll","background-type":"","background-media":"","overlay-type":"","overlay-color":"","overlay-gradient":""},"mobile":{"background-color":"var(--ast-global-color-5)","background-image":"","background-repeat":"repeat","background-position":"center center","background-size":"auto","background-attachment":"scroll","background-type":"","background-media":"","overlay-type":"","overlay-color":"","overlay-gradient":""}},"footnotes":""},"categories":[104,3967,3538,222,13610],"tags":[862,6327,54564,111210,112935],"class_list":["post-48632","post","type-post","status-publish","format-standard","hentry","category-historia","category-historia-de-la-iglesia","category-historia-de-las-ideas-politicas","category-historias-especializadas","category-zaragoza","tag-francisco-murillo-ferrol","tag-jose-ramon-montero-gibert","tag-manuel-ramirez-jimenez","tag-ruiz-rico-lopez-lendinez-juan-jose","tag-tello-lazaro-jose-angel"],"_links":{"self":[{"href":"https:\/\/www.deberes.net\/tesis\/wp-json\/wp\/v2\/posts\/48632","targetHints":{"allow":["GET"]}}],"collection":[{"href":"https:\/\/www.deberes.net\/tesis\/wp-json\/wp\/v2\/posts"}],"about":[{"href":"https:\/\/www.deberes.net\/tesis\/wp-json\/wp\/v2\/types\/post"}],"author":[{"embeddable":true,"href":"https:\/\/www.deberes.net\/tesis\/wp-json\/wp\/v2\/users\/1"}],"replies":[{"embeddable":true,"href":"https:\/\/www.deberes.net\/tesis\/wp-json\/wp\/v2\/comments?post=48632"}],"version-history":[{"count":0,"href":"https:\/\/www.deberes.net\/tesis\/wp-json\/wp\/v2\/posts\/48632\/revisions"}],"wp:attachment":[{"href":"https:\/\/www.deberes.net\/tesis\/wp-json\/wp\/v2\/media?parent=48632"}],"wp:term":[{"taxonomy":"category","embeddable":true,"href":"https:\/\/www.deberes.net\/tesis\/wp-json\/wp\/v2\/categories?post=48632"},{"taxonomy":"post_tag","embeddable":true,"href":"https:\/\/www.deberes.net\/tesis\/wp-json\/wp\/v2\/tags?post=48632"}],"curies":[{"name":"wp","href":"https:\/\/api.w.org\/{rel}","templated":true}]}}