{"id":49083,"date":"2021-01-21T04:16:43","date_gmt":"2021-01-21T04:16:43","guid":{"rendered":"https:\/\/www.deberes.net\/tesis\/sin-categoria\/la-real-compania-de-comercio-de-barcelona-el-comercio-privilegiado-de-cataluna-con-america-en-la-segunda-mitad-del-siglo-xviii\/"},"modified":"2021-01-21T04:16:43","modified_gmt":"2021-01-21T04:16:43","slug":"la-real-compania-de-comercio-de-barcelona-el-comercio-privilegiado-de-cataluna-con-america-en-la-segunda-mitad-del-siglo-xviii","status":"publish","type":"post","link":"https:\/\/www.deberes.net\/tesis\/historia\/la-real-compania-de-comercio-de-barcelona-el-comercio-privilegiado-de-cataluna-con-america-en-la-segunda-mitad-del-siglo-xviii\/","title":{"rendered":"La real compa\u00f1ia de comercio de barcelona. el comercio privilegiado de catalu\u00f1a con america en la segunda mitad del siglo xviii."},"content":{"rendered":"<h2>Tesis doctoral de <strong> Jos\u00e9 Mar\u00eda Oliva Melgar <\/strong><\/h2>\n<p>En 1755  la agrupacion de los principales comerciantes barceloneses bajo la rubrica de una compa\u00f1ia privilegiada dio paso a una formula comercial que amplio las posibilidades de exportacion de productos catalanes y la importacion de articulos coloniales. Se trataba de una formula mercantilista  necesaria en aquel momento  pero que en el transcurso de una veintena de a\u00f1os se convirtio en insuficiente e ineficaz. Por eso  su desaparicion se explica paralelamente a la apertura del comercio colonial mediante los llamados decretos de libre comercio  aunque su abandono no pueda considerarse una consecuencia directa de ellos.<\/p>\n<p>&nbsp;<\/p>\n<h3>Datos acad\u00e9micos de la tesis doctoral \u00ab<strong>La real compa\u00f1ia de comercio de barcelona. el comercio privilegiado de catalu\u00f1a con america en la segunda mitad del siglo xviii.<\/strong>\u00ab<\/h3>\n<ul>\n<li><strong>T\u00edtulo de la tesis:<\/strong>\u00a0 La real compa\u00f1ia de comercio de barcelona. el comercio privilegiado de catalu\u00f1a con america en la segunda mitad del siglo xviii. <\/li>\n<li><strong>Autor:<\/strong>\u00a0 Jos\u00e9 Mar\u00eda Oliva Melgar <\/li>\n<li><strong>Universidad:<\/strong>\u00a0 Barcelona<\/li>\n<li><strong>Fecha de lectura de la tesis:<\/strong>\u00a0 01\/01\/1982<\/li>\n<\/ul>\n<p>&nbsp;<\/p>\n<h3>Direcci\u00f3n y tribunal<\/h3>\n<ul>\n<li><strong>Director de la tesis<\/strong>\n<ul>\n<li>Carlos Martinez Shaw<\/li>\n<\/ul>\n<\/li>\n<li><strong>Tribunal<\/strong>\n<ul>\n<li>Presidente del tribunal: Carlos Martinez Shaw <\/li>\n<li>Emili Giralt Raventos (vocal)<\/li>\n<li> Vazquez De Prada Valentin (vocal)<\/li>\n<li>Pere Molas Ribalta (vocal)<\/li>\n<\/ul>\n<\/li>\n<\/ul>\n<p>&nbsp;<\/p>\n","protected":false},"excerpt":{"rendered":"<p>Tesis doctoral de Jos\u00e9 Mar\u00eda Oliva Melgar En 1755 la agrupacion de los principales comerciantes barceloneses bajo la rubrica de [&hellip;]<\/p>\n","protected":false},"author":1,"featured_media":0,"comment_status":"open","ping_status":"open","sticky":false,"template":"","format":"standard","meta":{"site-sidebar-layout":"default","site-content-layout":"","ast-site-content-layout":"","site-content-style":"default","site-sidebar-style":"default","ast-global-header-display":"","ast-banner-title-visibility":"","ast-main-header-display":"","ast-hfb-above-header-display":"","ast-hfb-below-header-display":"","ast-hfb-mobile-header-display":"","site-post-title":"","ast-breadcrumbs-content":"","ast-featured-img":"","footer-sml-layout":"","theme-transparent-header-meta":"","adv-header-id-meta":"","stick-header-meta":"","header-above-stick-meta":"","header-main-stick-meta":"","header-below-stick-meta":"","astra-migrate-meta-layouts":"default","ast-page-background-enabled":"default","ast-page-background-meta":{"desktop":{"background-color":"var(--ast-global-color-4)","background-image":"","background-repeat":"repeat","background-position":"center center","background-size":"auto","background-attachment":"scroll","background-type":"","background-media":"","overlay-type":"","overlay-color":"","overlay-gradient":""},"tablet":{"background-color":"","background-image":"","background-repeat":"repeat","background-position":"center center","background-size":"auto","background-attachment":"scroll","background-type":"","background-media":"","overlay-type":"","overlay-color":"","overlay-gradient":""},"mobile":{"background-color":"","background-image":"","background-repeat":"repeat","background-position":"center center","background-size":"auto","background-attachment":"scroll","background-type":"","background-media":"","overlay-type":"","overlay-color":"","overlay-gradient":""}},"ast-content-background-meta":{"desktop":{"background-color":"var(--ast-global-color-5)","background-image":"","background-repeat":"repeat","background-position":"center center","background-size":"auto","background-attachment":"scroll","background-type":"","background-media":"","overlay-type":"","overlay-color":"","overlay-gradient":""},"tablet":{"background-color":"var(--ast-global-color-5)","background-image":"","background-repeat":"repeat","background-position":"center center","background-size":"auto","background-attachment":"scroll","background-type":"","background-media":"","overlay-type":"","overlay-color":"","overlay-gradient":""},"mobile":{"background-color":"var(--ast-global-color-5)","background-image":"","background-repeat":"repeat","background-position":"center center","background-size":"auto","background-attachment":"scroll","background-type":"","background-media":"","overlay-type":"","overlay-color":"","overlay-gradient":""}},"footnotes":""},"categories":[951,104,438,1015,220,222],"tags":[1356,66,26782,314,31456],"class_list":["post-49083","post","type-post","status-publish","format-standard","hentry","category-barcelona","category-historia","category-historia-de-la-economia","category-historia-moderna-del-area-europea","category-historia-por-epocas","category-historias-especializadas","tag-carlos-Martinez-shaw","tag-emili-giralt-raventos","tag-jose-maria-oliva-melgar","tag-pere-molas-ribalta","tag-vazquez-de-prada-valentin"],"_links":{"self":[{"href":"https:\/\/www.deberes.net\/tesis\/wp-json\/wp\/v2\/posts\/49083","targetHints":{"allow":["GET"]}}],"collection":[{"href":"https:\/\/www.deberes.net\/tesis\/wp-json\/wp\/v2\/posts"}],"about":[{"href":"https:\/\/www.deberes.net\/tesis\/wp-json\/wp\/v2\/types\/post"}],"author":[{"embeddable":true,"href":"https:\/\/www.deberes.net\/tesis\/wp-json\/wp\/v2\/users\/1"}],"replies":[{"embeddable":true,"href":"https:\/\/www.deberes.net\/tesis\/wp-json\/wp\/v2\/comments?post=49083"}],"version-history":[{"count":0,"href":"https:\/\/www.deberes.net\/tesis\/wp-json\/wp\/v2\/posts\/49083\/revisions"}],"wp:attachment":[{"href":"https:\/\/www.deberes.net\/tesis\/wp-json\/wp\/v2\/media?parent=49083"}],"wp:term":[{"taxonomy":"category","embeddable":true,"href":"https:\/\/www.deberes.net\/tesis\/wp-json\/wp\/v2\/categories?post=49083"},{"taxonomy":"post_tag","embeddable":true,"href":"https:\/\/www.deberes.net\/tesis\/wp-json\/wp\/v2\/tags?post=49083"}],"curies":[{"name":"wp","href":"https:\/\/api.w.org\/{rel}","templated":true}]}}