{"id":49163,"date":"2021-02-03T12:10:32","date_gmt":"2021-02-03T12:10:32","guid":{"rendered":"https:\/\/www.deberes.net\/tesis\/sin-categoria\/estudio-de-la-practica-del-deshijado-y-de-la-fenologia-de-la-platanera-en-la-isla-de-tenerife\/"},"modified":"2021-02-03T12:10:32","modified_gmt":"2021-02-03T12:10:32","slug":"estudio-de-la-practica-del-deshijado-y-de-la-fenologia-de-la-platanera-en-la-isla-de-tenerife","status":"publish","type":"post","link":"https:\/\/www.deberes.net\/tesis\/ciencias-agrarias\/estudio-de-la-practica-del-deshijado-y-de-la-fenologia-de-la-platanera-en-la-isla-de-tenerife\/","title":{"rendered":"Estudio de la practica del deshijado y de la fenolog\u00eda de la platanera en la isla de tenerife."},"content":{"rendered":"<h2>Tesis doctoral de <strong> V\u00edctor Gal\u00e1n Sa\u00faco <\/strong><\/h2>\n<p>Se trata de obtener a traves del contraste entre la actual practica de deshijado en tenerife y las observaciones fenologicas centradas en el ritmo de emision de hojas  un plan idoneo de deshijado que permita obtener las producciones en la epoca deseada en las distintas zonas climaticas de la isla de tenerife. Se discute tambien un modelo de desarrollo vegetativo de la platanera en base a trabajos de alometria y diseccion.<\/p>\n<p>&nbsp;<\/p>\n<h3>Datos acad\u00e9micos de la tesis doctoral \u00ab<strong>Estudio de la practica del deshijado y de la fenolog\u00eda de la platanera en la isla de tenerife.<\/strong>\u00ab<\/h3>\n<ul>\n<li><strong>T\u00edtulo de la tesis:<\/strong>\u00a0 Estudio de la practica del deshijado y de la fenolog\u00eda de la platanera en la isla de tenerife. <\/li>\n<li><strong>Autor:<\/strong>\u00a0 V\u00edctor Gal\u00e1n Sa\u00faco <\/li>\n<li><strong>Universidad:<\/strong>\u00a0 C\u00f3rdoba<\/li>\n<li><strong>Fecha de lectura de la tesis:<\/strong>\u00a0 01\/01\/1982<\/li>\n<\/ul>\n<p>&nbsp;<\/p>\n<h3>Direcci\u00f3n y tribunal<\/h3>\n<ul>\n<li><strong>Director de la tesis<\/strong>\n<ul>\n<li>Luis Rallo Romero<\/li>\n<\/ul>\n<\/li>\n<li><strong>Tribunal<\/strong>\n<ul>\n<li>Presidente del tribunal: Jos\u00e9 Ignacio Cubero Salmeron <\/li>\n<li> D\u00edaz De La Guardia Manuel (vocal)<\/li>\n<li>Luis Rallo Romero (vocal)<\/li>\n<li>Eugenio Dominguez Vilchez (vocal)<\/li>\n<\/ul>\n<\/li>\n<\/ul>\n<p>&nbsp;<\/p>\n","protected":false},"excerpt":{"rendered":"<p>Tesis doctoral de V\u00edctor Gal\u00e1n Sa\u00faco Se trata de obtener a traves del contraste entre la actual practica de deshijado [&hellip;]<\/p>\n","protected":false},"author":1,"featured_media":0,"comment_status":"open","ping_status":"open","sticky":false,"template":"","format":"standard","meta":{"site-sidebar-layout":"default","site-content-layout":"","ast-site-content-layout":"","site-content-style":"default","site-sidebar-style":"default","ast-global-header-display":"","ast-banner-title-visibility":"","ast-main-header-display":"","ast-hfb-above-header-display":"","ast-hfb-below-header-display":"","ast-hfb-mobile-header-display":"","site-post-title":"","ast-breadcrumbs-content":"","ast-featured-img":"","footer-sml-layout":"","theme-transparent-header-meta":"","adv-header-id-meta":"","stick-header-meta":"","header-above-stick-meta":"","header-main-stick-meta":"","header-below-stick-meta":"","astra-migrate-meta-layouts":"default","ast-page-background-enabled":"default","ast-page-background-meta":{"desktop":{"background-color":"var(--ast-global-color-4)","background-image":"","background-repeat":"repeat","background-position":"center center","background-size":"auto","background-attachment":"scroll","background-type":"","background-media":"","overlay-type":"","overlay-color":"","overlay-gradient":""},"tablet":{"background-color":"","background-image":"","background-repeat":"repeat","background-position":"center center","background-size":"auto","background-attachment":"scroll","background-type":"","background-media":"","overlay-type":"","overlay-color":"","overlay-gradient":""},"mobile":{"background-color":"","background-image":"","background-repeat":"repeat","background-position":"center center","background-size":"auto","background-attachment":"scroll","background-type":"","background-media":"","overlay-type":"","overlay-color":"","overlay-gradient":""}},"ast-content-background-meta":{"desktop":{"background-color":"var(--ast-global-color-5)","background-image":"","background-repeat":"repeat","background-position":"center center","background-size":"auto","background-attachment":"scroll","background-type":"","background-media":"","overlay-type":"","overlay-color":"","overlay-gradient":""},"tablet":{"background-color":"var(--ast-global-color-5)","background-image":"","background-repeat":"repeat","background-position":"center center","background-size":"auto","background-attachment":"scroll","background-type":"","background-media":"","overlay-type":"","overlay-color":"","overlay-gradient":""},"mobile":{"background-color":"var(--ast-global-color-5)","background-image":"","background-repeat":"repeat","background-position":"center center","background-size":"auto","background-attachment":"scroll","background-type":"","background-media":"","overlay-type":"","overlay-color":"","overlay-gradient":""}},"footnotes":""},"categories":[509,494,973],"tags":[111098,2201,537,507,26203],"class_list":["post-49163","post","type-post","status-publish","format-standard","hentry","category-agronomia","category-ciencias-agrarias","category-cordoba","tag-diaz-de-la-guardia-manuel","tag-eugenio-dominguez-vilchez","tag-jose-ignacio-cubero-salmeron","tag-luis-rallo-romero","tag-victor-galan-sauco"],"_links":{"self":[{"href":"https:\/\/www.deberes.net\/tesis\/wp-json\/wp\/v2\/posts\/49163","targetHints":{"allow":["GET"]}}],"collection":[{"href":"https:\/\/www.deberes.net\/tesis\/wp-json\/wp\/v2\/posts"}],"about":[{"href":"https:\/\/www.deberes.net\/tesis\/wp-json\/wp\/v2\/types\/post"}],"author":[{"embeddable":true,"href":"https:\/\/www.deberes.net\/tesis\/wp-json\/wp\/v2\/users\/1"}],"replies":[{"embeddable":true,"href":"https:\/\/www.deberes.net\/tesis\/wp-json\/wp\/v2\/comments?post=49163"}],"version-history":[{"count":0,"href":"https:\/\/www.deberes.net\/tesis\/wp-json\/wp\/v2\/posts\/49163\/revisions"}],"wp:attachment":[{"href":"https:\/\/www.deberes.net\/tesis\/wp-json\/wp\/v2\/media?parent=49163"}],"wp:term":[{"taxonomy":"category","embeddable":true,"href":"https:\/\/www.deberes.net\/tesis\/wp-json\/wp\/v2\/categories?post=49163"},{"taxonomy":"post_tag","embeddable":true,"href":"https:\/\/www.deberes.net\/tesis\/wp-json\/wp\/v2\/tags?post=49163"}],"curies":[{"name":"wp","href":"https:\/\/api.w.org\/{rel}","templated":true}]}}