{"id":49454,"date":"2021-03-22T10:27:23","date_gmt":"2021-03-22T10:27:23","guid":{"rendered":"https:\/\/www.deberes.net\/tesis\/sin-categoria\/una-escala-de-actitudes-familiares-en-relacion-con-el-desarrollo-sexual-de-los-hijos-as-deficientes-mentales\/"},"modified":"2021-03-22T10:27:23","modified_gmt":"2021-03-22T10:27:23","slug":"una-escala-de-actitudes-familiares-en-relacion-con-el-desarrollo-sexual-de-los-hijos-as-deficientes-mentales","status":"publish","type":"post","link":"https:\/\/www.deberes.net\/tesis\/pedagogia\/una-escala-de-actitudes-familiares-en-relacion-con-el-desarrollo-sexual-de-los-hijos-as-deficientes-mentales\/","title":{"rendered":"Una escala de actitudes familiares en relacion con el desarrollo sexual de los hijos\/as deficientes mentales"},"content":{"rendered":"<h2>Tesis doctoral de <strong> Florida Cortes Gonzalez <\/strong><\/h2>\n<p>Un capitulo introductorio en el que se describen:  objetivos  variables  etc.  En el capitulo ii tratamos la medicion de actitudes ya que una parte importante del trabajo ha consistido en la elaboracion y analisis de una escala de actitudes; comenzada en panama con la colaboracion de otros educadoresy analizada en espa\u00f1a. En el capitulo iii se analiza el concepto de deficiente mental. En el capitulo iv se recogen las investigaciones y estudios ya hechos sobre actitudes hacia la sexualidad del deficiente. En el capitulo v dedicado a la construccion de la escala. El coeficiente de fiabiliad de 0 78 nos parecia suficiente. En el capitulo vi se analizan diversas hipotesis: las actitudes de los padres depende mas de como son los hijos (sexo y c.I.) Que de variables socio-economicas. El capitulo vii se analiza una muestra de caceres y en el se exponen las diferencias encontradas entre ambas. Ademas de los anexos se presentan las conclusiones.<\/p>\n<p>&nbsp;<\/p>\n<h3>Datos acad\u00e9micos de la tesis doctoral \u00ab<strong>Una escala de actitudes familiares en relacion con el desarrollo sexual de los hijos\/as deficientes mentales<\/strong>\u00ab<\/h3>\n<ul>\n<li><strong>T\u00edtulo de la tesis:<\/strong>\u00a0 Una escala de actitudes familiares en relacion con el desarrollo sexual de los hijos\/as deficientes mentales <\/li>\n<li><strong>Autor:<\/strong>\u00a0 Florida Cortes Gonzalez <\/li>\n<li><strong>Universidad:<\/strong>\u00a0 Complutense de Madrid<\/li>\n<li><strong>Fecha de lectura de la tesis:<\/strong>\u00a0 01\/01\/1982<\/li>\n<\/ul>\n<p>&nbsp;<\/p>\n<h3>Direcci\u00f3n y tribunal<\/h3>\n<ul>\n<li><strong>Director de la tesis<\/strong>\n<ul>\n<li>Carlos Fernandez Frias<\/li>\n<\/ul>\n<\/li>\n<li><strong>Tribunal<\/strong>\n<ul>\n<li>Presidente del tribunal: Victor Garcia Hoz <\/li>\n<li>Jes\u00fas Beltran Llera (vocal)<\/li>\n<li>Gonz\u00e1lo V\u00e1zquez G\u00f3mez (vocal)<\/li>\n<li>Carlos Fernandez Frias (vocal)<\/li>\n<\/ul>\n<\/li>\n<\/ul>\n<p>&nbsp;<\/p>\n","protected":false},"excerpt":{"rendered":"<p>Tesis doctoral de Florida Cortes Gonzalez Un capitulo introductorio en el que se describen: objetivos variables etc. En el capitulo [&hellip;]<\/p>\n","protected":false},"author":1,"featured_media":0,"comment_status":"open","ping_status":"open","sticky":false,"template":"","format":"standard","meta":{"site-sidebar-layout":"default","site-content-layout":"","ast-site-content-layout":"","site-content-style":"default","site-sidebar-style":"default","ast-global-header-display":"","ast-banner-title-visibility":"","ast-main-header-display":"","ast-hfb-above-header-display":"","ast-hfb-below-header-display":"","ast-hfb-mobile-header-display":"","site-post-title":"","ast-breadcrumbs-content":"","ast-featured-img":"","footer-sml-layout":"","theme-transparent-header-meta":"","adv-header-id-meta":"","stick-header-meta":"","header-above-stick-meta":"","header-main-stick-meta":"","header-below-stick-meta":"","astra-migrate-meta-layouts":"default","ast-page-background-enabled":"default","ast-page-background-meta":{"desktop":{"background-color":"var(--ast-global-color-4)","background-image":"","background-repeat":"repeat","background-position":"center center","background-size":"auto","background-attachment":"scroll","background-type":"","background-media":"","overlay-type":"","overlay-color":"","overlay-gradient":""},"tablet":{"background-color":"","background-image":"","background-repeat":"repeat","background-position":"center center","background-size":"auto","background-attachment":"scroll","background-type":"","background-media":"","overlay-type":"","overlay-color":"","overlay-gradient":""},"mobile":{"background-color":"","background-image":"","background-repeat":"repeat","background-position":"center center","background-size":"auto","background-attachment":"scroll","background-type":"","background-media":"","overlay-type":"","overlay-color":"","overlay-gradient":""}},"ast-content-background-meta":{"desktop":{"background-color":"var(--ast-global-color-5)","background-image":"","background-repeat":"repeat","background-position":"center center","background-size":"auto","background-attachment":"scroll","background-type":"","background-media":"","overlay-type":"","overlay-color":"","overlay-gradient":""},"tablet":{"background-color":"var(--ast-global-color-5)","background-image":"","background-repeat":"repeat","background-position":"center center","background-size":"auto","background-attachment":"scroll","background-type":"","background-media":"","overlay-type":"","overlay-color":"","overlay-gradient":""},"mobile":{"background-color":"var(--ast-global-color-5)","background-image":"","background-repeat":"repeat","background-position":"center center","background-size":"auto","background-attachment":"scroll","background-type":"","background-media":"","overlay-type":"","overlay-color":"","overlay-gradient":""}},"footnotes":""},"categories":[6222,1184,1141],"tags":[5559,113632,6224,5136,5113],"class_list":["post-49454","post","type-post","status-publish","format-standard","hentry","category-educacion-especial","category-organizacion-y-planificacion-de-la-educacion","category-pedagogia","tag-carlos-fernandez-frias","tag-florida-cortes-gonzalez","tag-gonzalo-vazquez-gomez","tag-jesus-beltran-llera","tag-victor-garcia-hoz"],"_links":{"self":[{"href":"https:\/\/www.deberes.net\/tesis\/wp-json\/wp\/v2\/posts\/49454","targetHints":{"allow":["GET"]}}],"collection":[{"href":"https:\/\/www.deberes.net\/tesis\/wp-json\/wp\/v2\/posts"}],"about":[{"href":"https:\/\/www.deberes.net\/tesis\/wp-json\/wp\/v2\/types\/post"}],"author":[{"embeddable":true,"href":"https:\/\/www.deberes.net\/tesis\/wp-json\/wp\/v2\/users\/1"}],"replies":[{"embeddable":true,"href":"https:\/\/www.deberes.net\/tesis\/wp-json\/wp\/v2\/comments?post=49454"}],"version-history":[{"count":0,"href":"https:\/\/www.deberes.net\/tesis\/wp-json\/wp\/v2\/posts\/49454\/revisions"}],"wp:attachment":[{"href":"https:\/\/www.deberes.net\/tesis\/wp-json\/wp\/v2\/media?parent=49454"}],"wp:term":[{"taxonomy":"category","embeddable":true,"href":"https:\/\/www.deberes.net\/tesis\/wp-json\/wp\/v2\/categories?post=49454"},{"taxonomy":"post_tag","embeddable":true,"href":"https:\/\/www.deberes.net\/tesis\/wp-json\/wp\/v2\/tags?post=49454"}],"curies":[{"name":"wp","href":"https:\/\/api.w.org\/{rel}","templated":true}]}}