{"id":49565,"date":"2021-04-09T10:38:52","date_gmt":"2021-04-09T10:38:52","guid":{"rendered":"https:\/\/www.deberes.net\/tesis\/sin-categoria\/influencia-del-tamano-de-los-centros-en-diversas-variables-organizativas\/"},"modified":"2021-04-09T10:38:52","modified_gmt":"2021-04-09T10:38:52","slug":"influencia-del-tamano-de-los-centros-en-diversas-variables-organizativas","status":"publish","type":"post","link":"https:\/\/www.deberes.net\/tesis\/pedagogia\/influencia-del-tamano-de-los-centros-en-diversas-variables-organizativas\/","title":{"rendered":"Influencia del tama\u00f1o de los centros en diversas variables organizativas."},"content":{"rendered":"<h2>Tesis doctoral de <strong> Pedro Municio Fern\u00e1ndez <\/strong><\/h2>\n<p>Las organizaciones escolares crecen de a\u00f1o en a\u00f1o y este hecho puede transformar el funcionamiento y la estructura del centro  al mismo tiempo que afecta a los miembros y al contexto de la organizacion. La hipotesis de esta tesis es que el tama\u00f1o de un centro influye en su complejidad. Puesto que el estudio tiene que ser necesariamente limitado se han elegido cuatro variables que permiten analizar aspectos de diferenciacion e integracion en tareas y relaciones: componente administratvo  comportamiento de alumnos perfeccionamiento del profesorado y estructura departamental. La comprobacion de la relacion entre el tama\u00f1o y las variables estudiadas se enmarca en la calidad de la organizacion  la satisfaccion de los miembros y el propio desarrollo de la organizacion.<\/p>\n<p>&nbsp;<\/p>\n<h3>Datos acad\u00e9micos de la tesis doctoral \u00ab<strong>Influencia del tama\u00f1o de los centros en diversas variables organizativas.<\/strong>\u00ab<\/h3>\n<ul>\n<li><strong>T\u00edtulo de la tesis:<\/strong>\u00a0 Influencia del tama\u00f1o de los centros en diversas variables organizativas. <\/li>\n<li><strong>Autor:<\/strong>\u00a0 Pedro Municio Fern\u00e1ndez <\/li>\n<li><strong>Universidad:<\/strong>\u00a0 Complutense de Madrid<\/li>\n<li><strong>Fecha de lectura de la tesis:<\/strong>\u00a0 01\/01\/1982<\/li>\n<\/ul>\n<p>&nbsp;<\/p>\n<h3>Direcci\u00f3n y tribunal<\/h3>\n<ul>\n<li><strong>Director de la tesis<\/strong>\n<ul>\n<li> Orden Hoz Arturo De La<\/li>\n<\/ul>\n<\/li>\n<li><strong>Tribunal<\/strong>\n<ul>\n<li>Presidente del tribunal: Gonz\u00e1lo V\u00e1zquez G\u00f3mez <\/li>\n<li>Ramon Perez Juste (vocal)<\/li>\n<li>Arturo Orden Hoz (vocal)<\/li>\n<li>\u00c1lvaro Buj Gimeno (vocal)<\/li>\n<\/ul>\n<\/li>\n<\/ul>\n<p>&nbsp;<\/p>\n","protected":false},"excerpt":{"rendered":"<p>Tesis doctoral de Pedro Municio Fern\u00e1ndez Las organizaciones escolares crecen de a\u00f1o en a\u00f1o y este hecho puede transformar el [&hellip;]<\/p>\n","protected":false},"author":1,"featured_media":0,"comment_status":"open","ping_status":"open","sticky":false,"template":"","format":"standard","meta":{"site-sidebar-layout":"default","site-content-layout":"","ast-site-content-layout":"","site-content-style":"default","site-sidebar-style":"default","ast-global-header-display":"","ast-banner-title-visibility":"","ast-main-header-display":"","ast-hfb-above-header-display":"","ast-hfb-below-header-display":"","ast-hfb-mobile-header-display":"","site-post-title":"","ast-breadcrumbs-content":"","ast-featured-img":"","footer-sml-layout":"","theme-transparent-header-meta":"","adv-header-id-meta":"","stick-header-meta":"","header-above-stick-meta":"","header-main-stick-meta":"","header-below-stick-meta":"","astra-migrate-meta-layouts":"default","ast-page-background-enabled":"default","ast-page-background-meta":{"desktop":{"background-color":"var(--ast-global-color-4)","background-image":"","background-repeat":"repeat","background-position":"center center","background-size":"auto","background-attachment":"scroll","background-type":"","background-media":"","overlay-type":"","overlay-color":"","overlay-gradient":""},"tablet":{"background-color":"","background-image":"","background-repeat":"repeat","background-position":"center center","background-size":"auto","background-attachment":"scroll","background-type":"","background-media":"","overlay-type":"","overlay-color":"","overlay-gradient":""},"mobile":{"background-color":"","background-image":"","background-repeat":"repeat","background-position":"center center","background-size":"auto","background-attachment":"scroll","background-type":"","background-media":"","overlay-type":"","overlay-color":"","overlay-gradient":""}},"ast-content-background-meta":{"desktop":{"background-color":"var(--ast-global-color-5)","background-image":"","background-repeat":"repeat","background-position":"center center","background-size":"auto","background-attachment":"scroll","background-type":"","background-media":"","overlay-type":"","overlay-color":"","overlay-gradient":""},"tablet":{"background-color":"var(--ast-global-color-5)","background-image":"","background-repeat":"repeat","background-position":"center center","background-size":"auto","background-attachment":"scroll","background-type":"","background-media":"","overlay-type":"","overlay-color":"","overlay-gradient":""},"mobile":{"background-color":"var(--ast-global-color-5)","background-image":"","background-repeat":"repeat","background-position":"center center","background-size":"auto","background-attachment":"scroll","background-type":"","background-media":"","overlay-type":"","overlay-color":"","overlay-gradient":""}},"footnotes":""},"categories":[1184,1141],"tags":[6226,102445,6224,4613,6623,9577],"class_list":["post-49565","post","type-post","status-publish","format-standard","hentry","category-organizacion-y-planificacion-de-la-educacion","category-pedagogia","tag-alvaro-buj-gimeno","tag-arturo-orden-hoz","tag-gonzalo-vazquez-gomez","tag-orden-hoz-arturo-de-la","tag-pedro-municio-fernandez","tag-ramon-perez-juste"],"_links":{"self":[{"href":"https:\/\/www.deberes.net\/tesis\/wp-json\/wp\/v2\/posts\/49565","targetHints":{"allow":["GET"]}}],"collection":[{"href":"https:\/\/www.deberes.net\/tesis\/wp-json\/wp\/v2\/posts"}],"about":[{"href":"https:\/\/www.deberes.net\/tesis\/wp-json\/wp\/v2\/types\/post"}],"author":[{"embeddable":true,"href":"https:\/\/www.deberes.net\/tesis\/wp-json\/wp\/v2\/users\/1"}],"replies":[{"embeddable":true,"href":"https:\/\/www.deberes.net\/tesis\/wp-json\/wp\/v2\/comments?post=49565"}],"version-history":[{"count":0,"href":"https:\/\/www.deberes.net\/tesis\/wp-json\/wp\/v2\/posts\/49565\/revisions"}],"wp:attachment":[{"href":"https:\/\/www.deberes.net\/tesis\/wp-json\/wp\/v2\/media?parent=49565"}],"wp:term":[{"taxonomy":"category","embeddable":true,"href":"https:\/\/www.deberes.net\/tesis\/wp-json\/wp\/v2\/categories?post=49565"},{"taxonomy":"post_tag","embeddable":true,"href":"https:\/\/www.deberes.net\/tesis\/wp-json\/wp\/v2\/tags?post=49565"}],"curies":[{"name":"wp","href":"https:\/\/api.w.org\/{rel}","templated":true}]}}