{"id":49585,"date":"2021-04-12T19:33:38","date_gmt":"2021-04-12T19:33:38","guid":{"rendered":"https:\/\/www.deberes.net\/tesis\/sin-categoria\/sustitutos-funcionales-del-superlativo-y-comparativo-en-aleman-y-sus-correspondencias-en-espanol\/"},"modified":"2021-04-12T19:33:38","modified_gmt":"2021-04-12T19:33:38","slug":"sustitutos-funcionales-del-superlativo-y-comparativo-en-aleman-y-sus-correspondencias-en-espanol","status":"publish","type":"post","link":"https:\/\/www.deberes.net\/tesis\/linguistica\/sustitutos-funcionales-del-superlativo-y-comparativo-en-aleman-y-sus-correspondencias-en-espanol\/","title":{"rendered":"Sustitutos funcionales del superlativo y comparativo en aleman y sus correspondencias en espa\u00f1ol"},"content":{"rendered":"<h2>Tesis doctoral de <strong>  Pi\u00f1el Lopez Rosa M. <\/strong><\/h2>\n<p>Estudio comparado de los recursos linguisticos del aleman y del espa\u00f1ol para sustituir al comparativo y superlativo morfologicos. Estos sustitutos abarcan el plano fonetico:  repeticion de vocales\/consonantes  silabeo &#8230; El morfologico: prefijacion (en aleman y en espa\u00f1ol) sufijacion (solamente en espa\u00f1ol)  y composicion (solamente en aleman)  el sintactico: comparaciones superlativas en aleman y en espa\u00f1ol  oraciones intensificadoras (exclamativas  relativas y consecutivas negativas &#8230;)  El semantico: adjetivos intensificadores (sustituto funcional del superlativo por excelencia en ambos idiomas  tanto a nivel literario como coloquial) repeticion de sintagmas  elementos oracionales u oraciones  asi como la utilizacion de numerosos signos ortograficos como intensificadores (signos de exclamacion y de interrogacion  comillas  dos puntos  &#8230;). Todos estos metodos y algunos otros mas constituyen un amplio abanico de posibilidades de sustitucion enfatica del superlativo y comparativo.<\/p>\n<p>&nbsp;<\/p>\n<h3>Datos acad\u00e9micos de la tesis doctoral \u00ab<strong>Sustitutos funcionales del superlativo y comparativo en aleman y sus correspondencias en espa\u00f1ol<\/strong>\u00ab<\/h3>\n<ul>\n<li><strong>T\u00edtulo de la tesis:<\/strong>\u00a0 Sustitutos funcionales del superlativo y comparativo en aleman y sus correspondencias en espa\u00f1ol <\/li>\n<li><strong>Autor:<\/strong>\u00a0  Pi\u00f1el Lopez Rosa M. <\/li>\n<li><strong>Universidad:<\/strong>\u00a0 Complutense de Madrid<\/li>\n<li><strong>Fecha de lectura de la tesis:<\/strong>\u00a0 01\/01\/1982<\/li>\n<\/ul>\n<p>&nbsp;<\/p>\n<h3>Direcci\u00f3n y tribunal<\/h3>\n<ul>\n<li><strong>Director de la tesis<\/strong>\n<ul>\n<li>Emilio Lorenzo Criado<\/li>\n<\/ul>\n<\/li>\n<li><strong>Tribunal<\/strong>\n<ul>\n<li>Presidente del tribunal: Emilio Lorenzo Criado <\/li>\n<li>Hand Juretschke (vocal)<\/li>\n<li>Esteban Pujals Fontrodona (vocal)<\/li>\n<li>M  I.teresa Zurdo Ruiz-ayucar (vocal)<\/li>\n<\/ul>\n<\/li>\n<\/ul>\n<p>&nbsp;<\/p>\n","protected":false},"excerpt":{"rendered":"<p>Tesis doctoral de Pi\u00f1el Lopez Rosa M. Estudio comparado de los recursos linguisticos del aleman y del espa\u00f1ol para sustituir [&hellip;]<\/p>\n","protected":false},"author":1,"featured_media":0,"comment_status":"open","ping_status":"open","sticky":false,"template":"","format":"standard","meta":{"site-sidebar-layout":"default","site-content-layout":"","ast-site-content-layout":"","site-content-style":"default","site-sidebar-style":"default","ast-global-header-display":"","ast-banner-title-visibility":"","ast-main-header-display":"","ast-hfb-above-header-display":"","ast-hfb-below-header-display":"","ast-hfb-mobile-header-display":"","site-post-title":"","ast-breadcrumbs-content":"","ast-featured-img":"","footer-sml-layout":"","theme-transparent-header-meta":"","adv-header-id-meta":"","stick-header-meta":"","header-above-stick-meta":"","header-main-stick-meta":"","header-below-stick-meta":"","astra-migrate-meta-layouts":"default","ast-page-background-enabled":"default","ast-page-background-meta":{"desktop":{"background-color":"var(--ast-global-color-4)","background-image":"","background-repeat":"repeat","background-position":"center center","background-size":"auto","background-attachment":"scroll","background-type":"","background-media":"","overlay-type":"","overlay-color":"","overlay-gradient":""},"tablet":{"background-color":"","background-image":"","background-repeat":"repeat","background-position":"center center","background-size":"auto","background-attachment":"scroll","background-type":"","background-media":"","overlay-type":"","overlay-color":"","overlay-gradient":""},"mobile":{"background-color":"","background-image":"","background-repeat":"repeat","background-position":"center center","background-size":"auto","background-attachment":"scroll","background-type":"","background-media":"","overlay-type":"","overlay-color":"","overlay-gradient":""}},"ast-content-background-meta":{"desktop":{"background-color":"var(--ast-global-color-5)","background-image":"","background-repeat":"repeat","background-position":"center center","background-size":"auto","background-attachment":"scroll","background-type":"","background-media":"","overlay-type":"","overlay-color":"","overlay-gradient":""},"tablet":{"background-color":"var(--ast-global-color-5)","background-image":"","background-repeat":"repeat","background-position":"center center","background-size":"auto","background-attachment":"scroll","background-type":"","background-media":"","overlay-type":"","overlay-color":"","overlay-gradient":""},"mobile":{"background-color":"var(--ast-global-color-5)","background-image":"","background-repeat":"repeat","background-position":"center center","background-size":"auto","background-attachment":"scroll","background-type":"","background-media":"","overlay-type":"","overlay-color":"","overlay-gradient":""}},"footnotes":""},"categories":[59,62],"tags":[659,814,113745,33818,113744],"class_list":["post-49585","post","type-post","status-publish","format-standard","hentry","category-linguistica","category-linguistica-sincronica","tag-emilio-lorenzo-criado","tag-esteban-pujals-fontrodona","tag-hand-juretschke","tag-m-i-teresa-zurdo-ruiz-ayucar","tag-pinel-lopez-rosa-m"],"_links":{"self":[{"href":"https:\/\/www.deberes.net\/tesis\/wp-json\/wp\/v2\/posts\/49585","targetHints":{"allow":["GET"]}}],"collection":[{"href":"https:\/\/www.deberes.net\/tesis\/wp-json\/wp\/v2\/posts"}],"about":[{"href":"https:\/\/www.deberes.net\/tesis\/wp-json\/wp\/v2\/types\/post"}],"author":[{"embeddable":true,"href":"https:\/\/www.deberes.net\/tesis\/wp-json\/wp\/v2\/users\/1"}],"replies":[{"embeddable":true,"href":"https:\/\/www.deberes.net\/tesis\/wp-json\/wp\/v2\/comments?post=49585"}],"version-history":[{"count":0,"href":"https:\/\/www.deberes.net\/tesis\/wp-json\/wp\/v2\/posts\/49585\/revisions"}],"wp:attachment":[{"href":"https:\/\/www.deberes.net\/tesis\/wp-json\/wp\/v2\/media?parent=49585"}],"wp:term":[{"taxonomy":"category","embeddable":true,"href":"https:\/\/www.deberes.net\/tesis\/wp-json\/wp\/v2\/categories?post=49585"},{"taxonomy":"post_tag","embeddable":true,"href":"https:\/\/www.deberes.net\/tesis\/wp-json\/wp\/v2\/tags?post=49585"}],"curies":[{"name":"wp","href":"https:\/\/api.w.org\/{rel}","templated":true}]}}