{"id":49692,"date":"2021-04-30T00:44:10","date_gmt":"2021-04-30T00:44:10","guid":{"rendered":"https:\/\/www.deberes.net\/tesis\/sin-categoria\/la-violencia-y-el-miedo-en-el-codigo-civil-espanol-en-su-aplicacion-al-matrimonio\/"},"modified":"2021-04-30T00:44:10","modified_gmt":"2021-04-30T00:44:10","slug":"la-violencia-y-el-miedo-en-el-codigo-civil-espanol-en-su-aplicacion-al-matrimonio","status":"publish","type":"post","link":"https:\/\/www.deberes.net\/tesis\/ciencias-juridicas-y-derecho\/la-violencia-y-el-miedo-en-el-codigo-civil-espanol-en-su-aplicacion-al-matrimonio\/","title":{"rendered":"La violencia y el miedo en el codigo civil espa\u00f1ol en su aplicacion al matrimonio"},"content":{"rendered":"<h2>Tesis doctoral de <strong>  \u00e1lvarez Cortina Andr\u00e9s Corsino <\/strong><\/h2>\n<p>Por obra de los canonistas se producen dos hechos fundamentales en este tema: la creacion en epoca medieval de un concepto de vivencia distinto del miedo  y el desplazamiento del fundamento de la nulidad por miedo desde la conducta del intimidador a la tutela de la libertad del intimidado  esto acentuado aun mas en el negocio matrimonial. Para entender convenientemente el tema es preciso partir de una determinacion concreta de los supuestos de hecho derivados de la violencia y el miedo por entender que no constituyen definiciones abstractas. Asi  cada uno de esos supuestos origina un fundamento distinto. Tambien hay que hacer un replanteamiento del fundamento del miedo. Con ello  se integra las normas de nuestro codigo civil referentes al contrato en general y al matrimonio en particular dandoles el sentido que se descubre en el planteamiento revisor de su fundamento.<\/p>\n<p>&nbsp;<\/p>\n<h3>Datos acad\u00e9micos de la tesis doctoral \u00ab<strong>La violencia y el miedo en el codigo civil espa\u00f1ol en su aplicacion al matrimonio<\/strong>\u00ab<\/h3>\n<ul>\n<li><strong>T\u00edtulo de la tesis:<\/strong>\u00a0 La violencia y el miedo en el codigo civil espa\u00f1ol en su aplicacion al matrimonio <\/li>\n<li><strong>Autor:<\/strong>\u00a0  \u00e1lvarez Cortina Andr\u00e9s Corsino <\/li>\n<li><strong>Universidad:<\/strong>\u00a0 Oviedo<\/li>\n<li><strong>Fecha de lectura de la tesis:<\/strong>\u00a0 01\/01\/1982<\/li>\n<\/ul>\n<p>&nbsp;<\/p>\n<h3>Direcci\u00f3n y tribunal<\/h3>\n<ul>\n<li><strong>Director de la tesis<\/strong>\n<ul>\n<li>Jos\u00e9 M\u00aa Gonzalez Del Valle<\/li>\n<\/ul>\n<\/li>\n<li><strong>Tribunal<\/strong>\n<ul>\n<li>Presidente del tribunal: Jos\u00e9 M\u00aa Gonzalez Del Valle <\/li>\n<li>Alberto De La Hera P\u00e9rez Cuesta (vocal)<\/li>\n<li>Manuel Iglesias Cubria (vocal)<\/li>\n<li>Eduardo Serrano Alonso (vocal)<\/li>\n<\/ul>\n<\/li>\n<\/ul>\n<p>&nbsp;<\/p>\n","protected":false},"excerpt":{"rendered":"<p>Tesis doctoral de \u00e1lvarez Cortina Andr\u00e9s Corsino Por obra de los canonistas se producen dos hechos fundamentales en este tema: [&hellip;]<\/p>\n","protected":false},"author":1,"featured_media":0,"comment_status":"open","ping_status":"open","sticky":false,"template":"","format":"standard","meta":{"site-sidebar-layout":"default","site-content-layout":"","ast-site-content-layout":"","site-content-style":"default","site-sidebar-style":"default","ast-global-header-display":"","ast-banner-title-visibility":"","ast-main-header-display":"","ast-hfb-above-header-display":"","ast-hfb-below-header-display":"","ast-hfb-mobile-header-display":"","site-post-title":"","ast-breadcrumbs-content":"","ast-featured-img":"","footer-sml-layout":"","theme-transparent-header-meta":"","adv-header-id-meta":"","stick-header-meta":"","header-above-stick-meta":"","header-main-stick-meta":"","header-below-stick-meta":"","astra-migrate-meta-layouts":"default","ast-page-background-enabled":"default","ast-page-background-meta":{"desktop":{"background-color":"var(--ast-global-color-4)","background-image":"","background-repeat":"repeat","background-position":"center center","background-size":"auto","background-attachment":"scroll","background-type":"","background-media":"","overlay-type":"","overlay-color":"","overlay-gradient":""},"tablet":{"background-color":"","background-image":"","background-repeat":"repeat","background-position":"center center","background-size":"auto","background-attachment":"scroll","background-type":"","background-media":"","overlay-type":"","overlay-color":"","overlay-gradient":""},"mobile":{"background-color":"","background-image":"","background-repeat":"repeat","background-position":"center center","background-size":"auto","background-attachment":"scroll","background-type":"","background-media":"","overlay-type":"","overlay-color":"","overlay-gradient":""}},"ast-content-background-meta":{"desktop":{"background-color":"var(--ast-global-color-5)","background-image":"","background-repeat":"repeat","background-position":"center center","background-size":"auto","background-attachment":"scroll","background-type":"","background-media":"","overlay-type":"","overlay-color":"","overlay-gradient":""},"tablet":{"background-color":"var(--ast-global-color-5)","background-image":"","background-repeat":"repeat","background-position":"center center","background-size":"auto","background-attachment":"scroll","background-type":"","background-media":"","overlay-type":"","overlay-color":"","overlay-gradient":""},"mobile":{"background-color":"var(--ast-global-color-5)","background-image":"","background-repeat":"repeat","background-position":"center center","background-size":"auto","background-attachment":"scroll","background-type":"","background-media":"","overlay-type":"","overlay-color":"","overlay-gradient":""}},"footnotes":""},"categories":[612,1251,9153,979,8846,3193],"tags":[45590,25420,12709,18106,111508],"class_list":["post-49692","post","type-post","status-publish","format-standard","hentry","category-ciencias-juridicas-y-derecho","category-derecho-civil","category-derecho-comun-anglosajon","category-derecho-y-legislacion-nacionales","category-oviedo","category-teoria-y-metodos-generales-del-derecho","tag-alberto-de-la-hera-perez-cuesta","tag-alvarez-cortina-andres-corsino","tag-eduardo-serrano-alonso","tag-jose-ma-gonzalez-del-valle","tag-manuel-iglesias-cubria"],"_links":{"self":[{"href":"https:\/\/www.deberes.net\/tesis\/wp-json\/wp\/v2\/posts\/49692","targetHints":{"allow":["GET"]}}],"collection":[{"href":"https:\/\/www.deberes.net\/tesis\/wp-json\/wp\/v2\/posts"}],"about":[{"href":"https:\/\/www.deberes.net\/tesis\/wp-json\/wp\/v2\/types\/post"}],"author":[{"embeddable":true,"href":"https:\/\/www.deberes.net\/tesis\/wp-json\/wp\/v2\/users\/1"}],"replies":[{"embeddable":true,"href":"https:\/\/www.deberes.net\/tesis\/wp-json\/wp\/v2\/comments?post=49692"}],"version-history":[{"count":0,"href":"https:\/\/www.deberes.net\/tesis\/wp-json\/wp\/v2\/posts\/49692\/revisions"}],"wp:attachment":[{"href":"https:\/\/www.deberes.net\/tesis\/wp-json\/wp\/v2\/media?parent=49692"}],"wp:term":[{"taxonomy":"category","embeddable":true,"href":"https:\/\/www.deberes.net\/tesis\/wp-json\/wp\/v2\/categories?post=49692"},{"taxonomy":"post_tag","embeddable":true,"href":"https:\/\/www.deberes.net\/tesis\/wp-json\/wp\/v2\/tags?post=49692"}],"curies":[{"name":"wp","href":"https:\/\/api.w.org\/{rel}","templated":true}]}}