{"id":49708,"date":"2021-05-02T17:17:34","date_gmt":"2021-05-02T17:17:34","guid":{"rendered":"https:\/\/www.deberes.net\/tesis\/sin-categoria\/accion-de-los-elementos-ni-co-y-er-sobre-el-color-de-los-vidrios-de-silicato-y-estudio-analitico-espectrofotometrico-de-los-mismos\/"},"modified":"2021-05-02T17:17:34","modified_gmt":"2021-05-02T17:17:34","slug":"accion-de-los-elementos-ni-co-y-er-sobre-el-color-de-los-vidrios-de-silicato-y-estudio-analitico-espectrofotometrico-de-los-mismos","status":"publish","type":"post","link":"https:\/\/www.deberes.net\/tesis\/quimica\/accion-de-los-elementos-ni-co-y-er-sobre-el-color-de-los-vidrios-de-silicato-y-estudio-analitico-espectrofotometrico-de-los-mismos\/","title":{"rendered":"Accion de los elementos ni, co y er sobre el color de los vidrios de silicato y estudio analitico espectrofotometrico de los mismos."},"content":{"rendered":"<h2>Tesis doctoral de <strong>  Gago Garcia Ramon Eugenio <\/strong><\/h2>\n<p>Se hace un estudio de la coloracion impartida por los iones co2+  ni2+ y er3+ en vidrios de silicato  en funcion de la composicion y de la concentracion de colorante. Los espectros de absorcion  asi como los datos colorimetricos  revelan un importante efecto de la substitucion na\/k y un efecto minimo de la substitucion mg\/ca; la concentracion de colorante no afecta la posicion de las bandas ni los aspectos generales  de los espectros. Se considera el interes analitico de diversas bandas de absorcion  situadas en el visible  para la determinacion espectrofotometrica directa de los iones considerados. Los resultados obtenidos por este metodo son mas precisos  en general  que los obtenidos por espectrofotometria de absorcion atomica (analisis de co y ni) y que los obtenidos por espectrometria de fluorescencia de rayos x (analisis de er).<\/p>\n<p>&nbsp;<\/p>\n<h3>Datos acad\u00e9micos de la tesis doctoral \u00ab<strong>Accion de los elementos ni, co y er sobre el color de los vidrios de silicato y estudio analitico espectrofotometrico de los mismos.<\/strong>\u00ab<\/h3>\n<ul>\n<li><strong>T\u00edtulo de la tesis:<\/strong>\u00a0 Accion de los elementos ni, co y er sobre el color de los vidrios de silicato y estudio analitico espectrofotometrico de los mismos. <\/li>\n<li><strong>Autor:<\/strong>\u00a0  Gago Garcia Ramon Eugenio <\/li>\n<li><strong>Universidad:<\/strong>\u00a0 Oviedo<\/li>\n<li><strong>Fecha de lectura de la tesis:<\/strong>\u00a0 01\/01\/1982<\/li>\n<\/ul>\n<p>&nbsp;<\/p>\n<h3>Direcci\u00f3n y tribunal<\/h3>\n<ul>\n<li><strong>Director de la tesis<\/strong>\n<ul>\n<li>Siro Arribas Jimeno<\/li>\n<\/ul>\n<\/li>\n<li><strong>Tribunal<\/strong>\n<ul>\n<li>Presidente del tribunal: Siro Arribas Jimeno <\/li>\n<li>Francisco Jorge Garcia Montelongo (vocal)<\/li>\n<li>Jes\u00fas Hern\u00e1ndez M\u00e9ndez (vocal)<\/li>\n<li>Victor Riera Gonz\u00e1lez (vocal)<\/li>\n<\/ul>\n<\/li>\n<\/ul>\n<p>&nbsp;<\/p>\n","protected":false},"excerpt":{"rendered":"<p>Tesis doctoral de Gago Garcia Ramon Eugenio Se hace un estudio de la coloracion impartida por los iones co2+ ni2+ [&hellip;]<\/p>\n","protected":false},"author":1,"featured_media":0,"comment_status":"open","ping_status":"open","sticky":false,"template":"","format":"standard","meta":{"site-sidebar-layout":"default","site-content-layout":"","ast-site-content-layout":"","site-content-style":"default","site-sidebar-style":"default","ast-global-header-display":"","ast-banner-title-visibility":"","ast-main-header-display":"","ast-hfb-above-header-display":"","ast-hfb-below-header-display":"","ast-hfb-mobile-header-display":"","site-post-title":"","ast-breadcrumbs-content":"","ast-featured-img":"","footer-sml-layout":"","theme-transparent-header-meta":"","adv-header-id-meta":"","stick-header-meta":"","header-above-stick-meta":"","header-main-stick-meta":"","header-below-stick-meta":"","astra-migrate-meta-layouts":"default","ast-page-background-enabled":"default","ast-page-background-meta":{"desktop":{"background-color":"var(--ast-global-color-4)","background-image":"","background-repeat":"repeat","background-position":"center center","background-size":"auto","background-attachment":"scroll","background-type":"","background-media":"","overlay-type":"","overlay-color":"","overlay-gradient":""},"tablet":{"background-color":"","background-image":"","background-repeat":"repeat","background-position":"center center","background-size":"auto","background-attachment":"scroll","background-type":"","background-media":"","overlay-type":"","overlay-color":"","overlay-gradient":""},"mobile":{"background-color":"","background-image":"","background-repeat":"repeat","background-position":"center center","background-size":"auto","background-attachment":"scroll","background-type":"","background-media":"","overlay-type":"","overlay-color":"","overlay-gradient":""}},"ast-content-background-meta":{"desktop":{"background-color":"var(--ast-global-color-5)","background-image":"","background-repeat":"repeat","background-position":"center center","background-size":"auto","background-attachment":"scroll","background-type":"","background-media":"","overlay-type":"","overlay-color":"","overlay-gradient":""},"tablet":{"background-color":"var(--ast-global-color-5)","background-image":"","background-repeat":"repeat","background-position":"center center","background-size":"auto","background-attachment":"scroll","background-type":"","background-media":"","overlay-type":"","overlay-color":"","overlay-gradient":""},"mobile":{"background-color":"var(--ast-global-color-5)","background-image":"","background-repeat":"repeat","background-position":"center center","background-size":"auto","background-attachment":"scroll","background-type":"","background-media":"","overlay-type":"","overlay-color":"","overlay-gradient":""}},"footnotes":""},"categories":[604,8846,17,18],"tags":[9946,113847,9562,9357,18475],"class_list":["post-49708","post","type-post","status-publish","format-standard","hentry","category-espectroscopia-de-absorcion","category-oviedo","category-quimica","category-quimica-analitica","tag-francisco-jorge-garcia-montelongo","tag-gago-garcia-ramon-eugenio","tag-jesus-hernandez-mendez","tag-siro-arribas-jimeno","tag-victor-riera-gonzalez"],"_links":{"self":[{"href":"https:\/\/www.deberes.net\/tesis\/wp-json\/wp\/v2\/posts\/49708","targetHints":{"allow":["GET"]}}],"collection":[{"href":"https:\/\/www.deberes.net\/tesis\/wp-json\/wp\/v2\/posts"}],"about":[{"href":"https:\/\/www.deberes.net\/tesis\/wp-json\/wp\/v2\/types\/post"}],"author":[{"embeddable":true,"href":"https:\/\/www.deberes.net\/tesis\/wp-json\/wp\/v2\/users\/1"}],"replies":[{"embeddable":true,"href":"https:\/\/www.deberes.net\/tesis\/wp-json\/wp\/v2\/comments?post=49708"}],"version-history":[{"count":0,"href":"https:\/\/www.deberes.net\/tesis\/wp-json\/wp\/v2\/posts\/49708\/revisions"}],"wp:attachment":[{"href":"https:\/\/www.deberes.net\/tesis\/wp-json\/wp\/v2\/media?parent=49708"}],"wp:term":[{"taxonomy":"category","embeddable":true,"href":"https:\/\/www.deberes.net\/tesis\/wp-json\/wp\/v2\/categories?post=49708"},{"taxonomy":"post_tag","embeddable":true,"href":"https:\/\/www.deberes.net\/tesis\/wp-json\/wp\/v2\/tags?post=49708"}],"curies":[{"name":"wp","href":"https:\/\/api.w.org\/{rel}","templated":true}]}}