{"id":50041,"date":"2021-06-06T20:37:56","date_gmt":"2021-06-06T20:37:56","guid":{"rendered":"https:\/\/www.deberes.net\/tesis\/sin-categoria\/la-presencia-de-freud-en-las-ciencias-sociales-estudio-bibliometrico-1966-1975\/"},"modified":"2021-06-06T20:37:56","modified_gmt":"2021-06-06T20:37:56","slug":"la-presencia-de-freud-en-las-ciencias-sociales-estudio-bibliometrico-1966-1975","status":"publish","type":"post","link":"https:\/\/www.deberes.net\/tesis\/linguistica\/la-presencia-de-freud-en-las-ciencias-sociales-estudio-bibliometrico-1966-1975\/","title":{"rendered":"La presencia de freud en las ciencias sociales. estudio bibliometrico (1966-1975)."},"content":{"rendered":"<h2>Tesis doctoral de <strong> Esteban Perez Delagado <\/strong><\/h2>\n<p>Es un estudio sobre la influencia de freud en ciencias sociales  en el periodo 1966-1975 atraves de la informacion del social science citation index. Se ha utilizado un metodo objetivo y cuantitativo que ha posibilitado conocer el nivel de impacto de freud en diferentes areas: psicoanalisis  psiquiatria  psicolog\u00eda sociolog\u00eda  derecho politica  etc. Se ha detectado un impacto tan amplio como desigual  de forma que casi un 40% de la presencia de freud en la actualidad se explica por la utilizacion que hacen los psicoanalistas de la obra de freud. Se han analizado las citas que freud recibe  los autores que lo citan las revistas y a rticulos en los que aparecen las citas y la tematica para la que se cita a freu d. Mediante el estudio de estas variables hemos hallado que freud influye notoriamente sobre todo  en psicoanalisis  psiquiatria y psicolog\u00eda pero a su vez  l a informacion que las revistas psicoanaliticas difunden tienen muy escaso eco en otros ambitos de las ciencias sociales.<\/p>\n<p>&nbsp;<\/p>\n<h3>Datos acad\u00e9micos de la tesis doctoral \u00ab<strong>La presencia de freud en las ciencias sociales. estudio bibliometrico (1966-1975).<\/strong>\u00ab<\/h3>\n<ul>\n<li><strong>T\u00edtulo de la tesis:<\/strong>\u00a0 La presencia de freud en las ciencias sociales. estudio bibliometrico (1966-1975). <\/li>\n<li><strong>Autor:<\/strong>\u00a0 Esteban Perez Delagado <\/li>\n<li><strong>Universidad:<\/strong>\u00a0 Universitat de val\u00e9ncia (estudi general)<\/li>\n<li><strong>Fecha de lectura de la tesis:<\/strong>\u00a0 01\/01\/1982<\/li>\n<\/ul>\n<p>&nbsp;<\/p>\n<h3>Direcci\u00f3n y tribunal<\/h3>\n<ul>\n<li><strong>Director de la tesis<\/strong>\n<ul>\n<li>Heliodoro Carpintero Capell<\/li>\n<\/ul>\n<\/li>\n<li><strong>Tribunal<\/strong>\n<ul>\n<li>Presidente del tribunal: Heliodoro Carpintero Capell <\/li>\n<li>Leon Esteban Mateo (vocal)<\/li>\n<li> Castillejo Bruil Jos\u00e9 Luis (vocal)<\/li>\n<li>Jos\u00e9 Mar\u00eda Peir\u00f3 Silla (vocal)<\/li>\n<\/ul>\n<\/li>\n<\/ul>\n<p>&nbsp;<\/p>\n","protected":false},"excerpt":{"rendered":"<p>Tesis doctoral de Esteban Perez Delagado Es un estudio sobre la influencia de freud en ciencias sociales en el periodo [&hellip;]<\/p>\n","protected":false},"author":1,"featured_media":0,"comment_status":"open","ping_status":"open","sticky":false,"template":"","format":"standard","meta":{"site-sidebar-layout":"default","site-content-layout":"","ast-site-content-layout":"","site-content-style":"default","site-sidebar-style":"default","ast-global-header-display":"","ast-banner-title-visibility":"","ast-main-header-display":"","ast-hfb-above-header-display":"","ast-hfb-below-header-display":"","ast-hfb-mobile-header-display":"","site-post-title":"","ast-breadcrumbs-content":"","ast-featured-img":"","footer-sml-layout":"","theme-transparent-header-meta":"","adv-header-id-meta":"","stick-header-meta":"","header-above-stick-meta":"","header-main-stick-meta":"","header-below-stick-meta":"","astra-migrate-meta-layouts":"default","ast-page-background-enabled":"default","ast-page-background-meta":{"desktop":{"background-color":"var(--ast-global-color-4)","background-image":"","background-repeat":"repeat","background-position":"center center","background-size":"auto","background-attachment":"scroll","background-type":"","background-media":"","overlay-type":"","overlay-color":"","overlay-gradient":""},"tablet":{"background-color":"","background-image":"","background-repeat":"repeat","background-position":"center center","background-size":"auto","background-attachment":"scroll","background-type":"","background-media":"","overlay-type":"","overlay-color":"","overlay-gradient":""},"mobile":{"background-color":"","background-image":"","background-repeat":"repeat","background-position":"center center","background-size":"auto","background-attachment":"scroll","background-type":"","background-media":"","overlay-type":"","overlay-color":"","overlay-gradient":""}},"ast-content-background-meta":{"desktop":{"background-color":"var(--ast-global-color-5)","background-image":"","background-repeat":"repeat","background-position":"center center","background-size":"auto","background-attachment":"scroll","background-type":"","background-media":"","overlay-type":"","overlay-color":"","overlay-gradient":""},"tablet":{"background-color":"var(--ast-global-color-5)","background-image":"","background-repeat":"repeat","background-position":"center center","background-size":"auto","background-attachment":"scroll","background-type":"","background-media":"","overlay-type":"","overlay-color":"","overlay-gradient":""},"mobile":{"background-color":"var(--ast-global-color-5)","background-image":"","background-repeat":"repeat","background-position":"center center","background-size":"auto","background-attachment":"scroll","background-type":"","background-media":"","overlay-type":"","overlay-color":"","overlay-gradient":""}},"footnotes":""},"categories":[33050,59,60,324,440,8928],"tags":[114063,114107,9338,7129,10155],"class_list":["post-50041","post","type-post","status-publish","format-standard","hentry","category-bibliometria","category-linguistica","category-linguistica-aplicada","category-psicologia","category-psicologia-general","category-teoria-de-sistemas-en-psicologia","tag-castillejo-bruil-jose-luis","tag-esteban-perez-delagado","tag-heliodoro-carpintero-capell","tag-jose-maria-peiro-silla","tag-leon-esteban-mateo"],"_links":{"self":[{"href":"https:\/\/www.deberes.net\/tesis\/wp-json\/wp\/v2\/posts\/50041","targetHints":{"allow":["GET"]}}],"collection":[{"href":"https:\/\/www.deberes.net\/tesis\/wp-json\/wp\/v2\/posts"}],"about":[{"href":"https:\/\/www.deberes.net\/tesis\/wp-json\/wp\/v2\/types\/post"}],"author":[{"embeddable":true,"href":"https:\/\/www.deberes.net\/tesis\/wp-json\/wp\/v2\/users\/1"}],"replies":[{"embeddable":true,"href":"https:\/\/www.deberes.net\/tesis\/wp-json\/wp\/v2\/comments?post=50041"}],"version-history":[{"count":0,"href":"https:\/\/www.deberes.net\/tesis\/wp-json\/wp\/v2\/posts\/50041\/revisions"}],"wp:attachment":[{"href":"https:\/\/www.deberes.net\/tesis\/wp-json\/wp\/v2\/media?parent=50041"}],"wp:term":[{"taxonomy":"category","embeddable":true,"href":"https:\/\/www.deberes.net\/tesis\/wp-json\/wp\/v2\/categories?post=50041"},{"taxonomy":"post_tag","embeddable":true,"href":"https:\/\/www.deberes.net\/tesis\/wp-json\/wp\/v2\/tags?post=50041"}],"curies":[{"name":"wp","href":"https:\/\/api.w.org\/{rel}","templated":true}]}}