{"id":50141,"date":"2021-06-06T20:45:32","date_gmt":"2021-06-06T20:45:32","guid":{"rendered":"https:\/\/www.deberes.net\/tesis\/sin-categoria\/la-segunda-ensenanza-oficial-en-el-siglo-xix-1834-1874-configuracion-institucional-y-organizacion-de-los-estudios\/"},"modified":"2021-06-06T20:45:32","modified_gmt":"2021-06-06T20:45:32","slug":"la-segunda-ensenanza-oficial-en-el-siglo-xix-1834-1874-configuracion-institucional-y-organizacion-de-los-estudios","status":"publish","type":"post","link":"https:\/\/www.deberes.net\/tesis\/historia\/la-segunda-ensenanza-oficial-en-el-siglo-xix-1834-1874-configuracion-institucional-y-organizacion-de-los-estudios\/","title":{"rendered":"La segunda ense\u00f1anza oficial en el siglo xix (1834-1874). configuracion institucional y organizacion de los estudios"},"content":{"rendered":"<h2>Tesis doctoral de <strong> Federico Sanz Diaz <\/strong><\/h2>\n<p>Estudio sobre la segunda ense\u00f1anza en espa\u00f1a desde su aparicion como tal  a comienzos del s. Xix  hasta 1874 centrandose en la ense\u00f1anza oficial. Tras un cap. Inicial sobre el papel de la ense\u00f1anza secundaria en el conjunto del sistema educativo  el trabajo se divide en dos partes: a) la administracion educativa  abarcando la organizacion general de la ensenanza y en particular de la secundaria tanto en lo que se refiere a los organos centrales  inspeccion y autoridades intermedias  como a la organizacion interna de los institutos. B) los planes de estudios (los aplicados y los proyectos)  analizando cada uno de ellos y estableciendo unas lineas de contenido y evolucion. Los distintos aspectos se contemplan a lo largo del trabajo  dentro de la siguiente periodizacion: 1) precedentes (de la guerra de la independencia a 1834); 2) inicios de la nueva organizacion (1834-45); implantacion y adaptacion (1845-57); consolidacion (1857-68); y nuevos planteamientos de la revolucion (1868-74).<\/p>\n<p>&nbsp;<\/p>\n<h3>Datos acad\u00e9micos de la tesis doctoral \u00ab<strong>La segunda ense\u00f1anza oficial en el siglo xix (1834-1874). configuracion institucional y organizacion de los estudios<\/strong>\u00ab<\/h3>\n<ul>\n<li><strong>T\u00edtulo de la tesis:<\/strong>\u00a0 La segunda ense\u00f1anza oficial en el siglo xix (1834-1874). configuracion institucional y organizacion de los estudios <\/li>\n<li><strong>Autor:<\/strong>\u00a0 Federico Sanz Diaz <\/li>\n<li><strong>Universidad:<\/strong>\u00a0 Valladolid<\/li>\n<li><strong>Fecha de lectura de la tesis:<\/strong>\u00a0 01\/01\/1982<\/li>\n<\/ul>\n<p>&nbsp;<\/p>\n<h3>Direcci\u00f3n y tribunal<\/h3>\n<ul>\n<li><strong>Director de la tesis<\/strong>\n<ul>\n<li> Enciso Recio Luis Miguel<\/li>\n<\/ul>\n<\/li>\n<li><strong>Tribunal<\/strong>\n<ul>\n<li>Presidente del tribunal:  Enciso Recio Luis Miguel <\/li>\n<li>Jos\u00e9 Carreras Juan (vocal)<\/li>\n<li>Vicente Cacho Viu (vocal)<\/li>\n<li>Jes\u00fas M\u00aa Palomares Iba\u00f1ez (vocal)<\/li>\n<\/ul>\n<\/li>\n<\/ul>\n<p>&nbsp;<\/p>\n","protected":false},"excerpt":{"rendered":"<p>Tesis doctoral de Federico Sanz Diaz Estudio sobre la segunda ense\u00f1anza en espa\u00f1a desde su aparicion como tal a comienzos [&hellip;]<\/p>\n","protected":false},"author":1,"featured_media":0,"comment_status":"open","ping_status":"open","sticky":false,"template":"","format":"standard","meta":{"site-sidebar-layout":"default","site-content-layout":"","ast-site-content-layout":"","site-content-style":"default","site-sidebar-style":"default","ast-global-header-display":"","ast-banner-title-visibility":"","ast-main-header-display":"","ast-hfb-above-header-display":"","ast-hfb-below-header-display":"","ast-hfb-mobile-header-display":"","site-post-title":"","ast-breadcrumbs-content":"","ast-featured-img":"","footer-sml-layout":"","theme-transparent-header-meta":"","adv-header-id-meta":"","stick-header-meta":"","header-above-stick-meta":"","header-main-stick-meta":"","header-below-stick-meta":"","astra-migrate-meta-layouts":"default","ast-page-background-enabled":"default","ast-page-background-meta":{"desktop":{"background-color":"var(--ast-global-color-4)","background-image":"","background-repeat":"repeat","background-position":"center center","background-size":"auto","background-attachment":"scroll","background-type":"","background-media":"","overlay-type":"","overlay-color":"","overlay-gradient":""},"tablet":{"background-color":"","background-image":"","background-repeat":"repeat","background-position":"center center","background-size":"auto","background-attachment":"scroll","background-type":"","background-media":"","overlay-type":"","overlay-color":"","overlay-gradient":""},"mobile":{"background-color":"","background-image":"","background-repeat":"repeat","background-position":"center center","background-size":"auto","background-attachment":"scroll","background-type":"","background-media":"","overlay-type":"","overlay-color":"","overlay-gradient":""}},"ast-content-background-meta":{"desktop":{"background-color":"var(--ast-global-color-5)","background-image":"","background-repeat":"repeat","background-position":"center center","background-size":"auto","background-attachment":"scroll","background-type":"","background-media":"","overlay-type":"","overlay-color":"","overlay-gradient":""},"tablet":{"background-color":"var(--ast-global-color-5)","background-image":"","background-repeat":"repeat","background-position":"center center","background-size":"auto","background-attachment":"scroll","background-type":"","background-media":"","overlay-type":"","overlay-color":"","overlay-gradient":""},"mobile":{"background-color":"var(--ast-global-color-5)","background-image":"","background-repeat":"repeat","background-position":"center center","background-size":"auto","background-attachment":"scroll","background-type":"","background-media":"","overlay-type":"","overlay-color":"","overlay-gradient":""}},"footnotes":""},"categories":[104,311,222,12451],"tags":[5916,42661,12716,114188,355],"class_list":["post-50141","post","type-post","status-publish","format-standard","hentry","category-historia","category-historia-de-la-educacion","category-historias-especializadas","category-valladolid","tag-enciso-recio-luis-miguel","tag-federico-sanz-diaz","tag-jesus-ma-palomares-ibanez","tag-jose-carreras-juan","tag-vicente-cacho-viu"],"_links":{"self":[{"href":"https:\/\/www.deberes.net\/tesis\/wp-json\/wp\/v2\/posts\/50141","targetHints":{"allow":["GET"]}}],"collection":[{"href":"https:\/\/www.deberes.net\/tesis\/wp-json\/wp\/v2\/posts"}],"about":[{"href":"https:\/\/www.deberes.net\/tesis\/wp-json\/wp\/v2\/types\/post"}],"author":[{"embeddable":true,"href":"https:\/\/www.deberes.net\/tesis\/wp-json\/wp\/v2\/users\/1"}],"replies":[{"embeddable":true,"href":"https:\/\/www.deberes.net\/tesis\/wp-json\/wp\/v2\/comments?post=50141"}],"version-history":[{"count":0,"href":"https:\/\/www.deberes.net\/tesis\/wp-json\/wp\/v2\/posts\/50141\/revisions"}],"wp:attachment":[{"href":"https:\/\/www.deberes.net\/tesis\/wp-json\/wp\/v2\/media?parent=50141"}],"wp:term":[{"taxonomy":"category","embeddable":true,"href":"https:\/\/www.deberes.net\/tesis\/wp-json\/wp\/v2\/categories?post=50141"},{"taxonomy":"post_tag","embeddable":true,"href":"https:\/\/www.deberes.net\/tesis\/wp-json\/wp\/v2\/tags?post=50141"}],"curies":[{"name":"wp","href":"https:\/\/api.w.org\/{rel}","templated":true}]}}