{"id":50334,"date":"2021-06-07T21:57:26","date_gmt":"2021-06-07T21:57:26","guid":{"rendered":"https:\/\/www.deberes.net\/tesis\/sin-categoria\/regulacion-dorsopontina-del-ciclo-vigilia-sueno\/"},"modified":"2021-06-07T21:57:26","modified_gmt":"2021-06-07T21:57:26","slug":"regulacion-dorsopontina-del-ciclo-vigilia-sueno","status":"publish","type":"post","link":"https:\/\/www.deberes.net\/tesis\/ciencias-agrarias\/regulacion-dorsopontina-del-ciclo-vigilia-sueno\/","title":{"rendered":"Regulacion dorsopontina del ciclo vigilia-sue\u00f1o"},"content":{"rendered":"<h2>Tesis doctoral de <strong> Amelia Caballero Borda <\/strong><\/h2>\n<p>Estudio del ciclo vigilia sue\u00f1o del gato tres lesiones unilaterales  selectivas de la zona dorsal del tegmento positivo. Tras la realizacion de dichas lesiones podemos hablar de una heterogeneidad funcional de la zona dorsal del puente en cuanto a su participacion en los mecanismos del ciclo vigilia-sue\u00f1o. Tres lesiones selectivas del complejo del locis coemlen se obtiene un aumento de sue\u00f1o paradojico acompa\u00f1ada de una disminucion de vigili.<\/p>\n<p>&nbsp;<\/p>\n<h3>Datos acad\u00e9micos de la tesis doctoral \u00ab<strong>Regulacion dorsopontina del ciclo vigilia-sue\u00f1o<\/strong>\u00ab<\/h3>\n<ul>\n<li><strong>T\u00edtulo de la tesis:<\/strong>\u00a0 Regulacion dorsopontina del ciclo vigilia-sue\u00f1o <\/li>\n<li><strong>Autor:<\/strong>\u00a0 Amelia Caballero Borda <\/li>\n<li><strong>Universidad:<\/strong>\u00a0 Aut\u00f3noma de Madrid<\/li>\n<li><strong>Fecha de lectura de la tesis:<\/strong>\u00a0 01\/01\/1982<\/li>\n<\/ul>\n<p>&nbsp;<\/p>\n<h3>Direcci\u00f3n y tribunal<\/h3>\n<ul>\n<li><strong>Director de la tesis<\/strong>\n<ul>\n<li> Andres De La Calle Isabel De<\/li>\n<\/ul>\n<\/li>\n<li><strong>Tribunal<\/strong>\n<ul>\n<li>Presidente del tribunal: Elena Escudero Hernandez <\/li>\n<li>Fernando Valdivieso (vocal)<\/li>\n<li> De Andr\u00e9s De La Calle Isabel (vocal)<\/li>\n<li>Salvador Lluch (vocal)<\/li>\n<\/ul>\n<\/li>\n<\/ul>\n<p>&nbsp;<\/p>\n","protected":false},"excerpt":{"rendered":"<p>Tesis doctoral de Amelia Caballero Borda Estudio del ciclo vigilia sue\u00f1o del gato tres lesiones unilaterales selectivas de la zona [&hellip;]<\/p>\n","protected":false},"author":1,"featured_media":0,"comment_status":"open","ping_status":"open","sticky":false,"template":"","format":"standard","meta":{"site-sidebar-layout":"default","site-content-layout":"","ast-site-content-layout":"","site-content-style":"default","site-sidebar-style":"default","ast-global-header-display":"","ast-banner-title-visibility":"","ast-main-header-display":"","ast-hfb-above-header-display":"","ast-hfb-below-header-display":"","ast-hfb-mobile-header-display":"","site-post-title":"","ast-breadcrumbs-content":"","ast-featured-img":"","footer-sml-layout":"","theme-transparent-header-meta":"","adv-header-id-meta":"","stick-header-meta":"","header-above-stick-meta":"","header-main-stick-meta":"","header-below-stick-meta":"","astra-migrate-meta-layouts":"default","ast-page-background-enabled":"default","ast-page-background-meta":{"desktop":{"background-color":"var(--ast-global-color-4)","background-image":"","background-repeat":"repeat","background-position":"center center","background-size":"auto","background-attachment":"scroll","background-type":"","background-media":"","overlay-type":"","overlay-color":"","overlay-gradient":""},"tablet":{"background-color":"","background-image":"","background-repeat":"repeat","background-position":"center center","background-size":"auto","background-attachment":"scroll","background-type":"","background-media":"","overlay-type":"","overlay-color":"","overlay-gradient":""},"mobile":{"background-color":"","background-image":"","background-repeat":"repeat","background-position":"center center","background-size":"auto","background-attachment":"scroll","background-type":"","background-media":"","overlay-type":"","overlay-color":"","overlay-gradient":""}},"ast-content-background-meta":{"desktop":{"background-color":"var(--ast-global-color-5)","background-image":"","background-repeat":"repeat","background-position":"center center","background-size":"auto","background-attachment":"scroll","background-type":"","background-media":"","overlay-type":"","overlay-color":"","overlay-gradient":""},"tablet":{"background-color":"var(--ast-global-color-5)","background-image":"","background-repeat":"repeat","background-position":"center center","background-size":"auto","background-attachment":"scroll","background-type":"","background-media":"","overlay-type":"","overlay-color":"","overlay-gradient":""},"mobile":{"background-color":"var(--ast-global-color-5)","background-image":"","background-repeat":"repeat","background-position":"center center","background-size":"auto","background-attachment":"scroll","background-type":"","background-media":"","overlay-type":"","overlay-color":"","overlay-gradient":""}},"footnotes":""},"categories":[494,515,1927],"tags":[29991,65243,43298,5352,96796,114369],"class_list":["post-50334","post","type-post","status-publish","format-standard","hentry","category-ciencias-agrarias","category-ciencias-veterinarias","category-fisiologia-veterinaria","tag-amelia-caballero-borda","tag-andres-de-la-calle-isabel-de","tag-de-andres-de-la-calle-isabel","tag-elena-escudero-hernandez","tag-fernando-valdivieso","tag-salvador-lluch"],"_links":{"self":[{"href":"https:\/\/www.deberes.net\/tesis\/wp-json\/wp\/v2\/posts\/50334","targetHints":{"allow":["GET"]}}],"collection":[{"href":"https:\/\/www.deberes.net\/tesis\/wp-json\/wp\/v2\/posts"}],"about":[{"href":"https:\/\/www.deberes.net\/tesis\/wp-json\/wp\/v2\/types\/post"}],"author":[{"embeddable":true,"href":"https:\/\/www.deberes.net\/tesis\/wp-json\/wp\/v2\/users\/1"}],"replies":[{"embeddable":true,"href":"https:\/\/www.deberes.net\/tesis\/wp-json\/wp\/v2\/comments?post=50334"}],"version-history":[{"count":0,"href":"https:\/\/www.deberes.net\/tesis\/wp-json\/wp\/v2\/posts\/50334\/revisions"}],"wp:attachment":[{"href":"https:\/\/www.deberes.net\/tesis\/wp-json\/wp\/v2\/media?parent=50334"}],"wp:term":[{"taxonomy":"category","embeddable":true,"href":"https:\/\/www.deberes.net\/tesis\/wp-json\/wp\/v2\/categories?post=50334"},{"taxonomy":"post_tag","embeddable":true,"href":"https:\/\/www.deberes.net\/tesis\/wp-json\/wp\/v2\/tags?post=50334"}],"curies":[{"name":"wp","href":"https:\/\/api.w.org\/{rel}","templated":true}]}}