{"id":50564,"date":"2021-06-07T22:10:02","date_gmt":"2021-06-07T22:10:02","guid":{"rendered":"https:\/\/www.deberes.net\/tesis\/sin-categoria\/el-concepto-de-confesion-religiosa-en-el-derecho-eclesiastico-espanol-planteamiento-lineas-de-metodo-y-opciones-del-legislador\/"},"modified":"2021-06-07T22:10:02","modified_gmt":"2021-06-07T22:10:02","slug":"el-concepto-de-confesion-religiosa-en-el-derecho-eclesiastico-espanol-planteamiento-lineas-de-metodo-y-opciones-del-legislador","status":"publish","type":"post","link":"https:\/\/www.deberes.net\/tesis\/ciencias-juridicas-y-derecho\/el-concepto-de-confesion-religiosa-en-el-derecho-eclesiastico-espanol-planteamiento-lineas-de-metodo-y-opciones-del-legislador\/","title":{"rendered":"El concepto de confesion religiosa en el derecho eclesiastico espa\u00f1ol. planteamiento, lineas de metodo y opciones del legislador."},"content":{"rendered":"<h2>Tesis doctoral de <strong> Javier Escriv\u00e1 Ivars <\/strong><\/h2>\n<p>El nervio de la tesis esta en se\u00f1alar que el ordenamiento espa\u00f1ol vigente se ha apartado  tanto del planteamiento tipico de los ordenamientos confesionales (que captan a todos los grupos religiosos teniendo en cuenta la optica de la doctrina de la confesion religiosa reconocida) como de la pretension liberal de reconducir a los grupos religiosos a categorias tecnicas de derecho comun (especialmente el relativo a las asociaciones)  sin tener en cuenta la tipicidad de los grupos sociales de indole religiosa. Por el contrario el doctorando entiende que el nuevo derecho eclesiastico espa\u00f1ol ha acu\u00f1ado una nocion de estricto derecho estatal  pero que contempla a los grupos religiosos de manera especifica.<\/p>\n<p>&nbsp;<\/p>\n<h3>Datos acad\u00e9micos de la tesis doctoral \u00ab<strong>El concepto de confesion religiosa en el derecho eclesiastico espa\u00f1ol. planteamiento, lineas de metodo y opciones del legislador.<\/strong>\u00ab<\/h3>\n<ul>\n<li><strong>T\u00edtulo de la tesis:<\/strong>\u00a0 El concepto de confesion religiosa en el derecho eclesiastico espa\u00f1ol. planteamiento, lineas de metodo y opciones del legislador. <\/li>\n<li><strong>Autor:<\/strong>\u00a0 Javier Escriv\u00e1 Ivars <\/li>\n<li><strong>Universidad:<\/strong>\u00a0 Navarra<\/li>\n<li><strong>Fecha de lectura de la tesis:<\/strong>\u00a0 01\/01\/1982<\/li>\n<\/ul>\n<p>&nbsp;<\/p>\n<h3>Direcci\u00f3n y tribunal<\/h3>\n<ul>\n<li><strong>Director de la tesis<\/strong>\n<ul>\n<li>Pedro Lombardia Diaz<\/li>\n<\/ul>\n<\/li>\n<li><strong>Tribunal<\/strong>\n<ul>\n<li>Presidente del tribunal: Javier Hervada Xiberta <\/li>\n<li>Alberto De La Hera P\u00e9rez Cuesta (vocal)<\/li>\n<li>Pedro Lombardia Diaz (vocal)<\/li>\n<li> Viladrich Bataller Pedro Juan (vocal)<\/li>\n<\/ul>\n<\/li>\n<\/ul>\n<p>&nbsp;<\/p>\n","protected":false},"excerpt":{"rendered":"<p>Tesis doctoral de Javier Escriv\u00e1 Ivars El nervio de la tesis esta en se\u00f1alar que el ordenamiento espa\u00f1ol vigente se [&hellip;]<\/p>\n","protected":false},"author":1,"featured_media":0,"comment_status":"open","ping_status":"open","sticky":false,"template":"","format":"standard","meta":{"site-sidebar-layout":"default","site-content-layout":"","ast-site-content-layout":"","site-content-style":"default","site-sidebar-style":"default","ast-global-header-display":"","ast-banner-title-visibility":"","ast-main-header-display":"","ast-hfb-above-header-display":"","ast-hfb-below-header-display":"","ast-hfb-mobile-header-display":"","site-post-title":"","ast-breadcrumbs-content":"","ast-featured-img":"","footer-sml-layout":"","theme-transparent-header-meta":"","adv-header-id-meta":"","stick-header-meta":"","header-above-stick-meta":"","header-main-stick-meta":"","header-below-stick-meta":"","astra-migrate-meta-layouts":"default","ast-page-background-enabled":"default","ast-page-background-meta":{"desktop":{"background-color":"var(--ast-global-color-4)","background-image":"","background-repeat":"repeat","background-position":"center center","background-size":"auto","background-attachment":"scroll","background-type":"","background-media":"","overlay-type":"","overlay-color":"","overlay-gradient":""},"tablet":{"background-color":"","background-image":"","background-repeat":"repeat","background-position":"center center","background-size":"auto","background-attachment":"scroll","background-type":"","background-media":"","overlay-type":"","overlay-color":"","overlay-gradient":""},"mobile":{"background-color":"","background-image":"","background-repeat":"repeat","background-position":"center center","background-size":"auto","background-attachment":"scroll","background-type":"","background-media":"","overlay-type":"","overlay-color":"","overlay-gradient":""}},"ast-content-background-meta":{"desktop":{"background-color":"var(--ast-global-color-5)","background-image":"","background-repeat":"repeat","background-position":"center center","background-size":"auto","background-attachment":"scroll","background-type":"","background-media":"","overlay-type":"","overlay-color":"","overlay-gradient":""},"tablet":{"background-color":"var(--ast-global-color-5)","background-image":"","background-repeat":"repeat","background-position":"center center","background-size":"auto","background-attachment":"scroll","background-type":"","background-media":"","overlay-type":"","overlay-color":"","overlay-gradient":""},"mobile":{"background-color":"var(--ast-global-color-5)","background-image":"","background-repeat":"repeat","background-position":"center center","background-size":"auto","background-attachment":"scroll","background-type":"","background-media":"","overlay-type":"","overlay-color":"","overlay-gradient":""}},"footnotes":""},"categories":[612,11921,17749],"tags":[45590,32319,32296,109830,32678],"class_list":["post-50564","post","type-post","status-publish","format-standard","hentry","category-ciencias-juridicas-y-derecho","category-derecho-canonico","category-navarra","tag-alberto-de-la-hera-perez-cuesta","tag-javier-escriva-ivars","tag-javier-hervada-xiberta","tag-pedro-lombardia-diaz","tag-viladrich-bataller-pedro-juan"],"_links":{"self":[{"href":"https:\/\/www.deberes.net\/tesis\/wp-json\/wp\/v2\/posts\/50564","targetHints":{"allow":["GET"]}}],"collection":[{"href":"https:\/\/www.deberes.net\/tesis\/wp-json\/wp\/v2\/posts"}],"about":[{"href":"https:\/\/www.deberes.net\/tesis\/wp-json\/wp\/v2\/types\/post"}],"author":[{"embeddable":true,"href":"https:\/\/www.deberes.net\/tesis\/wp-json\/wp\/v2\/users\/1"}],"replies":[{"embeddable":true,"href":"https:\/\/www.deberes.net\/tesis\/wp-json\/wp\/v2\/comments?post=50564"}],"version-history":[{"count":0,"href":"https:\/\/www.deberes.net\/tesis\/wp-json\/wp\/v2\/posts\/50564\/revisions"}],"wp:attachment":[{"href":"https:\/\/www.deberes.net\/tesis\/wp-json\/wp\/v2\/media?parent=50564"}],"wp:term":[{"taxonomy":"category","embeddable":true,"href":"https:\/\/www.deberes.net\/tesis\/wp-json\/wp\/v2\/categories?post=50564"},{"taxonomy":"post_tag","embeddable":true,"href":"https:\/\/www.deberes.net\/tesis\/wp-json\/wp\/v2\/tags?post=50564"}],"curies":[{"name":"wp","href":"https:\/\/api.w.org\/{rel}","templated":true}]}}