{"id":50683,"date":"2021-06-07T22:15:52","date_gmt":"2021-06-07T22:15:52","guid":{"rendered":"https:\/\/www.deberes.net\/tesis\/sin-categoria\/regimen-juridico-administrativo-de-la-television\/"},"modified":"2021-06-07T22:15:52","modified_gmt":"2021-06-07T22:15:52","slug":"regimen-juridico-administrativo-de-la-television","status":"publish","type":"post","link":"https:\/\/www.deberes.net\/tesis\/ciencias-juridicas-y-derecho\/regimen-juridico-administrativo-de-la-television\/","title":{"rendered":"Regimen juridico-administrativo de la television"},"content":{"rendered":"<h2>Tesis doctoral de <strong> Jose Esteve Pardo <\/strong><\/h2>\n<p>La television -objeto de infinidad de estudios y opiniones desde opticas politicas sociologicas  o en su vertiente especifica de medio de comunicacion social- presenta una regulacion juridica que quiza no haya sido analizada con el suficiente rigor y  a veces incluso manipulada o presentada con planteamientos y objetivos preconcebidos. La tesis doctoral pretende  desde un prisma estrictamente juridico  analizar y clarificar esta regulacion -detectando sus insuficiencias y contradicciones- sobre la base de las previsiones constitucionales  el estatuto de radio y television  la normativa de las comunidades autonomas y la jurisprudencia -en especial la del tribunal constitucional-. El estudio se centra en cuatro aspectos o areas que se consideran fundamentales: intervencion de los poderes publicos y derechos de los particulares:  organizacion de la prestacion del servicio de television por parte del estado: competencias y realizaciones de las comunidades autonomas en este ambito; y derecho de rectificacion.<\/p>\n<p>&nbsp;<\/p>\n<h3>Datos acad\u00e9micos de la tesis doctoral \u00ab<strong>Regimen juridico-administrativo de la television<\/strong>\u00ab<\/h3>\n<ul>\n<li><strong>T\u00edtulo de la tesis:<\/strong>\u00a0 Regimen juridico-administrativo de la television <\/li>\n<li><strong>Autor:<\/strong>\u00a0 Jose Esteve Pardo <\/li>\n<li><strong>Universidad:<\/strong>\u00a0 Barcelona<\/li>\n<li><strong>Fecha de lectura de la tesis:<\/strong>\u00a0 01\/01\/1983<\/li>\n<\/ul>\n<p>&nbsp;<\/p>\n<h3>Direcci\u00f3n y tribunal<\/h3>\n<ul>\n<li><strong>Director de la tesis<\/strong>\n<ul>\n<li>Rafael Entrena Cuesta<\/li>\n<\/ul>\n<\/li>\n<li><strong>Tribunal<\/strong>\n<ul>\n<li>Presidente del tribunal: Rafael Entrena Cuesta <\/li>\n<li>Gaspar Ari\u00f1o Ortiz (vocal)<\/li>\n<li>Jos\u00e9 Ram\u00f3n Parada V\u00e1zquez (vocal)<\/li>\n<li>Jordi Sole Tura (vocal)<\/li>\n<\/ul>\n<\/li>\n<\/ul>\n<p>&nbsp;<\/p>\n","protected":false},"excerpt":{"rendered":"<p>Tesis doctoral de Jose Esteve Pardo La television -objeto de infinidad de estudios y opiniones desde opticas politicas sociologicas o [&hellip;]<\/p>\n","protected":false},"author":1,"featured_media":0,"comment_status":"open","ping_status":"open","sticky":false,"template":"","format":"standard","meta":{"site-sidebar-layout":"default","site-content-layout":"","ast-site-content-layout":"","site-content-style":"default","site-sidebar-style":"default","ast-global-header-display":"","ast-banner-title-visibility":"","ast-main-header-display":"","ast-hfb-above-header-display":"","ast-hfb-below-header-display":"","ast-hfb-mobile-header-display":"","site-post-title":"","ast-breadcrumbs-content":"","ast-featured-img":"","footer-sml-layout":"","theme-transparent-header-meta":"","adv-header-id-meta":"","stick-header-meta":"","header-above-stick-meta":"","header-main-stick-meta":"","header-below-stick-meta":"","astra-migrate-meta-layouts":"default","ast-page-background-enabled":"default","ast-page-background-meta":{"desktop":{"background-color":"var(--ast-global-color-4)","background-image":"","background-repeat":"repeat","background-position":"center center","background-size":"auto","background-attachment":"scroll","background-type":"","background-media":"","overlay-type":"","overlay-color":"","overlay-gradient":""},"tablet":{"background-color":"","background-image":"","background-repeat":"repeat","background-position":"center center","background-size":"auto","background-attachment":"scroll","background-type":"","background-media":"","overlay-type":"","overlay-color":"","overlay-gradient":""},"mobile":{"background-color":"","background-image":"","background-repeat":"repeat","background-position":"center center","background-size":"auto","background-attachment":"scroll","background-type":"","background-media":"","overlay-type":"","overlay-color":"","overlay-gradient":""}},"ast-content-background-meta":{"desktop":{"background-color":"var(--ast-global-color-5)","background-image":"","background-repeat":"repeat","background-position":"center center","background-size":"auto","background-attachment":"scroll","background-type":"","background-media":"","overlay-type":"","overlay-color":"","overlay-gradient":""},"tablet":{"background-color":"var(--ast-global-color-5)","background-image":"","background-repeat":"repeat","background-position":"center center","background-size":"auto","background-attachment":"scroll","background-type":"","background-media":"","overlay-type":"","overlay-color":"","overlay-gradient":""},"mobile":{"background-color":"var(--ast-global-color-5)","background-image":"","background-repeat":"repeat","background-position":"center center","background-size":"auto","background-attachment":"scroll","background-type":"","background-media":"","overlay-type":"","overlay-color":"","overlay-gradient":""}},"footnotes":""},"categories":[951,612,1442,979],"tags":[4900,1452,46910,1918,1446],"class_list":["post-50683","post","type-post","status-publish","format-standard","hentry","category-barcelona","category-ciencias-juridicas-y-derecho","category-derecho-administrativo","category-derecho-y-legislacion-nacionales","tag-gaspar-arino-ortiz","tag-jordi-sole-tura","tag-jose-esteve-pardo","tag-jose-ramon-parada-vazquez","tag-rafael-entrena-cuesta"],"_links":{"self":[{"href":"https:\/\/www.deberes.net\/tesis\/wp-json\/wp\/v2\/posts\/50683","targetHints":{"allow":["GET"]}}],"collection":[{"href":"https:\/\/www.deberes.net\/tesis\/wp-json\/wp\/v2\/posts"}],"about":[{"href":"https:\/\/www.deberes.net\/tesis\/wp-json\/wp\/v2\/types\/post"}],"author":[{"embeddable":true,"href":"https:\/\/www.deberes.net\/tesis\/wp-json\/wp\/v2\/users\/1"}],"replies":[{"embeddable":true,"href":"https:\/\/www.deberes.net\/tesis\/wp-json\/wp\/v2\/comments?post=50683"}],"version-history":[{"count":0,"href":"https:\/\/www.deberes.net\/tesis\/wp-json\/wp\/v2\/posts\/50683\/revisions"}],"wp:attachment":[{"href":"https:\/\/www.deberes.net\/tesis\/wp-json\/wp\/v2\/media?parent=50683"}],"wp:term":[{"taxonomy":"category","embeddable":true,"href":"https:\/\/www.deberes.net\/tesis\/wp-json\/wp\/v2\/categories?post=50683"},{"taxonomy":"post_tag","embeddable":true,"href":"https:\/\/www.deberes.net\/tesis\/wp-json\/wp\/v2\/tags?post=50683"}],"curies":[{"name":"wp","href":"https:\/\/api.w.org\/{rel}","templated":true}]}}