{"id":50694,"date":"2021-06-07T22:16:14","date_gmt":"2021-06-07T22:16:14","guid":{"rendered":"https:\/\/www.deberes.net\/tesis\/sin-categoria\/relaciones-entre-las-alturas-anchuras-y-grosor-cortical-de-los-metacarpianos-y-su-crecimiento\/"},"modified":"2021-06-07T22:16:14","modified_gmt":"2021-06-07T22:16:14","slug":"relaciones-entre-las-alturas-anchuras-y-grosor-cortical-de-los-metacarpianos-y-su-crecimiento","status":"publish","type":"post","link":"https:\/\/www.deberes.net\/tesis\/ciencias-medicas\/relaciones-entre-las-alturas-anchuras-y-grosor-cortical-de-los-metacarpianos-y-su-crecimiento\/","title":{"rendered":"Relaciones entre las alturas, anchuras y grosor cortical de los metacarpianos y su crecimiento."},"content":{"rendered":"<h2>Tesis doctoral de <strong> Ramon Hernandez Oter <\/strong><\/h2>\n<p>En base al interes que ofrece la mano como objeto de estudio de la radiolog\u00eda  ya desde sus origenes y desde el punto de vista de la multiplicidad de procesos patologicos generales que pueden afectar a sus estructuras  se realiza un estudio para obtener la tabulacion de una serie de parametros estableciendo los criterios de normalidad de las mismas. A este efecto se ha reunido una casuistica de 17 grupos de 25 ni\u00f1os cada uno de ellos  tomados desde el nacimiento hasta los 15 a\u00f1os de la vida; otro grupo de observaciones identica seha efectuado en otras tantas ni\u00f1as. Se ha medido en todos ellos la altura  anchura y grosor de las corticales de cada uno de los metacarpianos. Con los 25.500 datos numericos asi obtenidos se establecen  mediante un programaestadistico computarizado  una serie de relaciones entre ellos que permiten la confeccion de unos graficos en los que se establecen los criterios de normalidadde los parametros estudiados en cada una de las edades incluidas en el trabajo.<\/p>\n<p>&nbsp;<\/p>\n<h3>Datos acad\u00e9micos de la tesis doctoral \u00ab<strong>Relaciones entre las alturas, anchuras y grosor cortical de los metacarpianos y su crecimiento.<\/strong>\u00ab<\/h3>\n<ul>\n<li><strong>T\u00edtulo de la tesis:<\/strong>\u00a0 Relaciones entre las alturas, anchuras y grosor cortical de los metacarpianos y su crecimiento. <\/li>\n<li><strong>Autor:<\/strong>\u00a0 Ramon Hernandez Oter <\/li>\n<li><strong>Universidad:<\/strong>\u00a0 Barcelona<\/li>\n<li><strong>Fecha de lectura de la tesis:<\/strong>\u00a0 01\/01\/1983<\/li>\n<\/ul>\n<p>&nbsp;<\/p>\n<h3>Direcci\u00f3n y tribunal<\/h3>\n<ul>\n<li><strong>Director de la tesis<\/strong>\n<ul>\n<li>Pedro Cobos Carbo<\/li>\n<\/ul>\n<\/li>\n<li><strong>Tribunal<\/strong>\n<ul>\n<li>Presidente del tribunal: Ramon Arandes Adan <\/li>\n<li>Francisco Gonzalez Fuste (vocal)<\/li>\n<li>Diego Ribas Mujal (vocal)<\/li>\n<li>Domingo Ruano Gil (vocal)<\/li>\n<\/ul>\n<\/li>\n<\/ul>\n<p>&nbsp;<\/p>\n","protected":false},"excerpt":{"rendered":"<p>Tesis doctoral de Ramon Hernandez Oter En base al interes que ofrece la mano como objeto de estudio de la [&hellip;]<\/p>\n","protected":false},"author":1,"featured_media":0,"comment_status":"open","ping_status":"open","sticky":false,"template":"","format":"standard","meta":{"site-sidebar-layout":"default","site-content-layout":"","ast-site-content-layout":"","site-content-style":"default","site-sidebar-style":"default","ast-global-header-display":"","ast-banner-title-visibility":"","ast-main-header-display":"","ast-hfb-above-header-display":"","ast-hfb-below-header-display":"","ast-hfb-mobile-header-display":"","site-post-title":"","ast-breadcrumbs-content":"","ast-featured-img":"","footer-sml-layout":"","theme-transparent-header-meta":"","adv-header-id-meta":"","stick-header-meta":"","header-above-stick-meta":"","header-main-stick-meta":"","header-below-stick-meta":"","astra-migrate-meta-layouts":"default","ast-page-background-enabled":"default","ast-page-background-meta":{"desktop":{"background-color":"var(--ast-global-color-4)","background-image":"","background-repeat":"repeat","background-position":"center center","background-size":"auto","background-attachment":"scroll","background-type":"","background-media":"","overlay-type":"","overlay-color":"","overlay-gradient":""},"tablet":{"background-color":"","background-image":"","background-repeat":"repeat","background-position":"center center","background-size":"auto","background-attachment":"scroll","background-type":"","background-media":"","overlay-type":"","overlay-color":"","overlay-gradient":""},"mobile":{"background-color":"","background-image":"","background-repeat":"repeat","background-position":"center center","background-size":"auto","background-attachment":"scroll","background-type":"","background-media":"","overlay-type":"","overlay-color":"","overlay-gradient":""}},"ast-content-background-meta":{"desktop":{"background-color":"var(--ast-global-color-5)","background-image":"","background-repeat":"repeat","background-position":"center center","background-size":"auto","background-attachment":"scroll","background-type":"","background-media":"","overlay-type":"","overlay-color":"","overlay-gradient":""},"tablet":{"background-color":"var(--ast-global-color-5)","background-image":"","background-repeat":"repeat","background-position":"center center","background-size":"auto","background-attachment":"scroll","background-type":"","background-media":"","overlay-type":"","overlay-color":"","overlay-gradient":""},"mobile":{"background-color":"var(--ast-global-color-5)","background-image":"","background-repeat":"repeat","background-position":"center center","background-size":"auto","background-attachment":"scroll","background-type":"","background-media":"","overlay-type":"","overlay-color":"","overlay-gradient":""}},"footnotes":""},"categories":[951,212,155,35,9,6354,2046],"tags":[55,56,58,18803,57,72164],"class_list":["post-50694","post","type-post","status-publish","format-standard","hentry","category-barcelona","category-biologia-humana","category-ciencias-clinicas","category-ciencias-de-la-vida","category-ciencias-medicas","category-desarrollo-humano","category-radiologia","tag-diego-ribas-mujal","tag-domingo-ruano-gil","tag-francisco-gonzalez-fuste","tag-pedro-cobos-carbo","tag-ramon-arandes-adan","tag-ramon-hernandez-oter"],"_links":{"self":[{"href":"https:\/\/www.deberes.net\/tesis\/wp-json\/wp\/v2\/posts\/50694","targetHints":{"allow":["GET"]}}],"collection":[{"href":"https:\/\/www.deberes.net\/tesis\/wp-json\/wp\/v2\/posts"}],"about":[{"href":"https:\/\/www.deberes.net\/tesis\/wp-json\/wp\/v2\/types\/post"}],"author":[{"embeddable":true,"href":"https:\/\/www.deberes.net\/tesis\/wp-json\/wp\/v2\/users\/1"}],"replies":[{"embeddable":true,"href":"https:\/\/www.deberes.net\/tesis\/wp-json\/wp\/v2\/comments?post=50694"}],"version-history":[{"count":0,"href":"https:\/\/www.deberes.net\/tesis\/wp-json\/wp\/v2\/posts\/50694\/revisions"}],"wp:attachment":[{"href":"https:\/\/www.deberes.net\/tesis\/wp-json\/wp\/v2\/media?parent=50694"}],"wp:term":[{"taxonomy":"category","embeddable":true,"href":"https:\/\/www.deberes.net\/tesis\/wp-json\/wp\/v2\/categories?post=50694"},{"taxonomy":"post_tag","embeddable":true,"href":"https:\/\/www.deberes.net\/tesis\/wp-json\/wp\/v2\/tags?post=50694"}],"curies":[{"name":"wp","href":"https:\/\/api.w.org\/{rel}","templated":true}]}}