{"id":50771,"date":"2021-06-07T22:18:25","date_gmt":"2021-06-07T22:18:25","guid":{"rendered":"https:\/\/www.deberes.net\/tesis\/sin-categoria\/relacion-entre-la-prolactina-y-el-metabolismo-del-calcio\/"},"modified":"2021-06-07T22:18:25","modified_gmt":"2021-06-07T22:18:25","slug":"relacion-entre-la-prolactina-y-el-metabolismo-del-calcio","status":"publish","type":"post","link":"https:\/\/www.deberes.net\/tesis\/ciencias-medicas\/relacion-entre-la-prolactina-y-el-metabolismo-del-calcio\/","title":{"rendered":"Relacion entre la prolactina y el metabolismo del calcio"},"content":{"rendered":"<h2>Tesis doctoral de <strong> Pedro Benito Lopez <\/strong><\/h2>\n<p>Con objeto de ver si existe relacion entre la prolaclina (prl)  y el metabolismo del calcio en el hombre  se devo esta hormona mediante la administracion de trh y sulpiride. A pesar de la elevacion  en pico o mantenida del prl  no se modifico el metabolismo del calcio  medido por carotal  fosforo  pth y calciurla. Con el segundo test se obruvo una clara tendencia a la elevacion de la calciuria al elevar la prl. Al elevar los niveles del calcio  se redujo  significativamente los niveles de pri probablemente por liberar dodamina endorgena. El hecho de que se produzca esta inhibicion en sujetos normales y en la hiperprolactinemia funcional pero no en los prolactinomas  hace suponerle gran valor a este test  en el diagnostico diferencial entre ambos estados. Al reducir la cifra del calcio  hay una clase tendencia de la prl a elevarse  auque no significativamante. Se concluye que la calcemia modula la secrecion de prl  pero que esta no modula el metabolismo del calcio en el hombre.<\/p>\n<p>&nbsp;<\/p>\n<h3>Datos acad\u00e9micos de la tesis doctoral \u00ab<strong>Relacion entre la prolactina y el metabolismo del calcio<\/strong>\u00ab<\/h3>\n<ul>\n<li><strong>T\u00edtulo de la tesis:<\/strong>\u00a0 Relacion entre la prolactina y el metabolismo del calcio <\/li>\n<li><strong>Autor:<\/strong>\u00a0 Pedro Benito Lopez <\/li>\n<li><strong>Universidad:<\/strong>\u00a0 C\u00f3rdoba<\/li>\n<li><strong>Fecha de lectura de la tesis:<\/strong>\u00a0 01\/01\/1983<\/li>\n<\/ul>\n<p>&nbsp;<\/p>\n<h3>Direcci\u00f3n y tribunal<\/h3>\n<ul>\n<li><strong>Director de la tesis<\/strong>\n<ul>\n<li>Jos\u00e9 Antonio Jim\u00e9nez Perep\u00e9rez<\/li>\n<\/ul>\n<\/li>\n<li><strong>Tribunal<\/strong>\n<ul>\n<li>Presidente del tribunal: Carlos Pera Madrazo <\/li>\n<li>Pedro S\u00e1nchez Guijo (vocal)<\/li>\n<li>Jos\u00e9 Jimenez Pererez (vocal)<\/li>\n<li>Enrique Aguilar Benitez De Lugo (vocal)<\/li>\n<\/ul>\n<\/li>\n<\/ul>\n<p>&nbsp;<\/p>\n","protected":false},"excerpt":{"rendered":"<p>Tesis doctoral de Pedro Benito Lopez Con objeto de ver si existe relacion entre la prolaclina (prl) y el metabolismo [&hellip;]<\/p>\n","protected":false},"author":1,"featured_media":0,"comment_status":"open","ping_status":"open","sticky":false,"template":"","format":"standard","meta":{"site-sidebar-layout":"default","site-content-layout":"","ast-site-content-layout":"","site-content-style":"default","site-sidebar-style":"default","ast-global-header-display":"","ast-banner-title-visibility":"","ast-main-header-display":"","ast-hfb-above-header-display":"","ast-hfb-below-header-display":"","ast-hfb-mobile-header-display":"","site-post-title":"","ast-breadcrumbs-content":"","ast-featured-img":"","footer-sml-layout":"","theme-transparent-header-meta":"","adv-header-id-meta":"","stick-header-meta":"","header-above-stick-meta":"","header-main-stick-meta":"","header-below-stick-meta":"","astra-migrate-meta-layouts":"default","ast-page-background-enabled":"default","ast-page-background-meta":{"desktop":{"background-color":"var(--ast-global-color-4)","background-image":"","background-repeat":"repeat","background-position":"center center","background-size":"auto","background-attachment":"scroll","background-type":"","background-media":"","overlay-type":"","overlay-color":"","overlay-gradient":""},"tablet":{"background-color":"","background-image":"","background-repeat":"repeat","background-position":"center center","background-size":"auto","background-attachment":"scroll","background-type":"","background-media":"","overlay-type":"","overlay-color":"","overlay-gradient":""},"mobile":{"background-color":"","background-image":"","background-repeat":"repeat","background-position":"center center","background-size":"auto","background-attachment":"scroll","background-type":"","background-media":"","overlay-type":"","overlay-color":"","overlay-gradient":""}},"ast-content-background-meta":{"desktop":{"background-color":"var(--ast-global-color-5)","background-image":"","background-repeat":"repeat","background-position":"center center","background-size":"auto","background-attachment":"scroll","background-type":"","background-media":"","overlay-type":"","overlay-color":"","overlay-gradient":""},"tablet":{"background-color":"var(--ast-global-color-5)","background-image":"","background-repeat":"repeat","background-position":"center center","background-size":"auto","background-attachment":"scroll","background-type":"","background-media":"","overlay-type":"","overlay-color":"","overlay-gradient":""},"mobile":{"background-color":"var(--ast-global-color-5)","background-image":"","background-repeat":"repeat","background-position":"center center","background-size":"auto","background-attachment":"scroll","background-type":"","background-media":"","overlay-type":"","overlay-color":"","overlay-gradient":""}},"footnotes":""},"categories":[9,973,851,139],"tags":[2043,2380,1614,114759,2410,1935],"class_list":["post-50771","post","type-post","status-publish","format-standard","hentry","category-ciencias-medicas","category-cordoba","category-endocrinologia","category-medicina-interna","tag-carlos-pera-madrazo","tag-enrique-aguilar-benitez-de-lugo","tag-jose-antonio-jimenez-pereperez","tag-jose-jimenez-pererez","tag-pedro-benito-lopez","tag-pedro-sanchez-guijo"],"_links":{"self":[{"href":"https:\/\/www.deberes.net\/tesis\/wp-json\/wp\/v2\/posts\/50771","targetHints":{"allow":["GET"]}}],"collection":[{"href":"https:\/\/www.deberes.net\/tesis\/wp-json\/wp\/v2\/posts"}],"about":[{"href":"https:\/\/www.deberes.net\/tesis\/wp-json\/wp\/v2\/types\/post"}],"author":[{"embeddable":true,"href":"https:\/\/www.deberes.net\/tesis\/wp-json\/wp\/v2\/users\/1"}],"replies":[{"embeddable":true,"href":"https:\/\/www.deberes.net\/tesis\/wp-json\/wp\/v2\/comments?post=50771"}],"version-history":[{"count":0,"href":"https:\/\/www.deberes.net\/tesis\/wp-json\/wp\/v2\/posts\/50771\/revisions"}],"wp:attachment":[{"href":"https:\/\/www.deberes.net\/tesis\/wp-json\/wp\/v2\/media?parent=50771"}],"wp:term":[{"taxonomy":"category","embeddable":true,"href":"https:\/\/www.deberes.net\/tesis\/wp-json\/wp\/v2\/categories?post=50771"},{"taxonomy":"post_tag","embeddable":true,"href":"https:\/\/www.deberes.net\/tesis\/wp-json\/wp\/v2\/tags?post=50771"}],"curies":[{"name":"wp","href":"https:\/\/api.w.org\/{rel}","templated":true}]}}