{"id":50827,"date":"2021-06-09T14:37:33","date_gmt":"2021-06-09T14:37:33","guid":{"rendered":"https:\/\/www.deberes.net\/tesis\/sin-categoria\/estudio-sobre-la-maduracion-de-la-respuesta-evocada-somatosensorial\/"},"modified":"2021-06-09T14:37:33","modified_gmt":"2021-06-09T14:37:33","slug":"estudio-sobre-la-maduracion-de-la-respuesta-evocada-somatosensorial","status":"publish","type":"post","link":"https:\/\/www.deberes.net\/tesis\/ciencias-medicas\/estudio-sobre-la-maduracion-de-la-respuesta-evocada-somatosensorial\/","title":{"rendered":"Estudio sobre la maduracion de la respuesta evocada somatosensorial."},"content":{"rendered":"<h2>Tesis doctoral de <strong> Manuel Fontoira Surik <\/strong><\/h2>\n<p>Se estudia la morfolog\u00eda de la respuesta evocada somatosensorial en ni\u00f1os de edades comprendidas entre el nacimiento y los 14 a\u00f1os  describiendose la morfolog\u00eda entre cero y 3 meses  3 meses a 6 meses  6 meses a 3 a\u00f1os y 4 a\u00f1os a 14 a\u00f1os. Se relaciona la morfolog\u00eda en las distintas edades con diversos indicadores de la maduracion cerebral y se establecen patrones de maduracion cerebral de los potenciales evocados somatosensoriales.<\/p>\n<p>&nbsp;<\/p>\n<h3>Datos acad\u00e9micos de la tesis doctoral \u00ab<strong>Estudio sobre la maduracion de la respuesta evocada somatosensorial.<\/strong>\u00ab<\/h3>\n<ul>\n<li><strong>T\u00edtulo de la tesis:<\/strong>\u00a0 Estudio sobre la maduracion de la respuesta evocada somatosensorial. <\/li>\n<li><strong>Autor:<\/strong>\u00a0 Manuel Fontoira Surik <\/li>\n<li><strong>Universidad:<\/strong>\u00a0 Santiago de compostela<\/li>\n<li><strong>Fecha de lectura de la tesis:<\/strong>\u00a0 01\/01\/1983<\/li>\n<\/ul>\n<p>&nbsp;<\/p>\n<h3>Direcci\u00f3n y tribunal<\/h3>\n<ul>\n<li><strong>Director de la tesis<\/strong>\n<ul>\n<li>Jose Pe\u00f1a Guitian<\/li>\n<\/ul>\n<\/li>\n<li><strong>Tribunal<\/strong>\n<ul>\n<li>Presidente del tribunal: Jose Pe\u00f1a Guitian <\/li>\n<li>German Sierra Margu\u00f1o (vocal)<\/li>\n<li>Angel Ballabriga Aguado (vocal)<\/li>\n<li>Rafael Tojo Sierra (vocal)<\/li>\n<\/ul>\n<\/li>\n<\/ul>\n<p>&nbsp;<\/p>\n","protected":false},"excerpt":{"rendered":"<p>Tesis doctoral de Manuel Fontoira Surik Se estudia la morfolog\u00eda de la respuesta evocada somatosensorial en ni\u00f1os de edades comprendidas [&hellip;]<\/p>\n","protected":false},"author":1,"featured_media":0,"comment_status":"open","ping_status":"open","sticky":false,"template":"","format":"standard","meta":{"site-sidebar-layout":"default","site-content-layout":"","ast-site-content-layout":"","site-content-style":"default","site-sidebar-style":"default","ast-global-header-display":"","ast-banner-title-visibility":"","ast-main-header-display":"","ast-hfb-above-header-display":"","ast-hfb-below-header-display":"","ast-hfb-mobile-header-display":"","site-post-title":"","ast-breadcrumbs-content":"","ast-featured-img":"","footer-sml-layout":"","theme-transparent-header-meta":"","adv-header-id-meta":"","stick-header-meta":"","header-above-stick-meta":"","header-main-stick-meta":"","header-below-stick-meta":"","astra-migrate-meta-layouts":"default","ast-page-background-enabled":"default","ast-page-background-meta":{"desktop":{"background-color":"var(--ast-global-color-4)","background-image":"","background-repeat":"repeat","background-position":"center center","background-size":"auto","background-attachment":"scroll","background-type":"","background-media":"","overlay-type":"","overlay-color":"","overlay-gradient":""},"tablet":{"background-color":"","background-image":"","background-repeat":"repeat","background-position":"center center","background-size":"auto","background-attachment":"scroll","background-type":"","background-media":"","overlay-type":"","overlay-color":"","overlay-gradient":""},"mobile":{"background-color":"","background-image":"","background-repeat":"repeat","background-position":"center center","background-size":"auto","background-attachment":"scroll","background-type":"","background-media":"","overlay-type":"","overlay-color":"","overlay-gradient":""}},"ast-content-background-meta":{"desktop":{"background-color":"var(--ast-global-color-5)","background-image":"","background-repeat":"repeat","background-position":"center center","background-size":"auto","background-attachment":"scroll","background-type":"","background-media":"","overlay-type":"","overlay-color":"","overlay-gradient":""},"tablet":{"background-color":"var(--ast-global-color-5)","background-image":"","background-repeat":"repeat","background-position":"center center","background-size":"auto","background-attachment":"scroll","background-type":"","background-media":"","overlay-type":"","overlay-color":"","overlay-gradient":""},"mobile":{"background-color":"var(--ast-global-color-5)","background-image":"","background-repeat":"repeat","background-position":"center center","background-size":"auto","background-attachment":"scroll","background-type":"","background-media":"","overlay-type":"","overlay-color":"","overlay-gradient":""}},"footnotes":""},"categories":[155,35,9,817,3919,161,977],"tags":[2520,114792,2518,114791,2517],"class_list":["post-50827","post","type-post","status-publish","format-standard","hentry","category-ciencias-clinicas","category-ciencias-de-la-vida","category-ciencias-medicas","category-fisiologia-humana","category-neurofisiologia-humana","category-pediatria","category-santiago-de-compostela","tag-angel-ballabriga-aguado","tag-german-sierra-marguno","tag-jose-pena-guitian","tag-manuel-fontoira-surik","tag-rafael-tojo-sierra"],"_links":{"self":[{"href":"https:\/\/www.deberes.net\/tesis\/wp-json\/wp\/v2\/posts\/50827","targetHints":{"allow":["GET"]}}],"collection":[{"href":"https:\/\/www.deberes.net\/tesis\/wp-json\/wp\/v2\/posts"}],"about":[{"href":"https:\/\/www.deberes.net\/tesis\/wp-json\/wp\/v2\/types\/post"}],"author":[{"embeddable":true,"href":"https:\/\/www.deberes.net\/tesis\/wp-json\/wp\/v2\/users\/1"}],"replies":[{"embeddable":true,"href":"https:\/\/www.deberes.net\/tesis\/wp-json\/wp\/v2\/comments?post=50827"}],"version-history":[{"count":0,"href":"https:\/\/www.deberes.net\/tesis\/wp-json\/wp\/v2\/posts\/50827\/revisions"}],"wp:attachment":[{"href":"https:\/\/www.deberes.net\/tesis\/wp-json\/wp\/v2\/media?parent=50827"}],"wp:term":[{"taxonomy":"category","embeddable":true,"href":"https:\/\/www.deberes.net\/tesis\/wp-json\/wp\/v2\/categories?post=50827"},{"taxonomy":"post_tag","embeddable":true,"href":"https:\/\/www.deberes.net\/tesis\/wp-json\/wp\/v2\/tags?post=50827"}],"curies":[{"name":"wp","href":"https:\/\/api.w.org\/{rel}","templated":true}]}}