{"id":51015,"date":"2021-07-10T08:01:46","date_gmt":"2021-07-10T08:01:46","guid":{"rendered":"https:\/\/www.deberes.net\/tesis\/sin-categoria\/fundamentos-sociales-del-uso-y-ensenanza-de-la-tecnologia-de-la-informacion\/"},"modified":"2021-07-10T08:01:46","modified_gmt":"2021-07-10T08:01:46","slug":"fundamentos-sociales-del-uso-y-ensenanza-de-la-tecnologia-de-la-informacion","status":"publish","type":"post","link":"https:\/\/www.deberes.net\/tesis\/pedagogia\/fundamentos-sociales-del-uso-y-ensenanza-de-la-tecnologia-de-la-informacion\/","title":{"rendered":"Fundamentos sociales del uso y ense\u00f1anza de la tecnolog\u00eda de la informacion"},"content":{"rendered":"<h2>Tesis doctoral de <strong>  Bernal Cruz Francisco Javier <\/strong><\/h2>\n<p>La tesis establece la necesidad  desde el punto de vista del cambio social mediatizado por la tecnolog\u00eda de la informacion  de la ense\u00f1anza de dicha tecnolog\u00eda. Al mismo tiempo se analiza la dinamica del paso a la sociedad postindustrial en funcion de esta tecnolog\u00eda y los efectos que esta tiene en la informacion social cientifica  y de actualidad.<\/p>\n<p>&nbsp;<\/p>\n<h3>Datos acad\u00e9micos de la tesis doctoral \u00ab<strong>Fundamentos sociales del uso y ense\u00f1anza de la tecnolog\u00eda de la informacion<\/strong>\u00ab<\/h3>\n<ul>\n<li><strong>T\u00edtulo de la tesis:<\/strong>\u00a0 Fundamentos sociales del uso y ense\u00f1anza de la tecnolog\u00eda de la informacion <\/li>\n<li><strong>Autor:<\/strong>\u00a0  Bernal Cruz Francisco Javier <\/li>\n<li><strong>Universidad:<\/strong>\u00a0 Complutense de Madrid<\/li>\n<li><strong>Fecha de lectura de la tesis:<\/strong>\u00a0 01\/01\/1983<\/li>\n<\/ul>\n<p>&nbsp;<\/p>\n<h3>Direcci\u00f3n y tribunal<\/h3>\n<ul>\n<li><strong>Director de la tesis<\/strong>\n<ul>\n<li>Anselmo Romero Marin<\/li>\n<\/ul>\n<\/li>\n<li><strong>Tribunal<\/strong>\n<ul>\n<li>Presidente del tribunal: Isabel Gutierrez Zuluaga <\/li>\n<li>Ricardo Iba\u00f1ez Marin (vocal)<\/li>\n<li>Anselmo Romero Marin (vocal)<\/li>\n<li>\u00c1lvaro Buj Gimeno (vocal)<\/li>\n<\/ul>\n<\/li>\n<\/ul>\n<p>&nbsp;<\/p>\n","protected":false},"excerpt":{"rendered":"<p>Tesis doctoral de Bernal Cruz Francisco Javier La tesis establece la necesidad desde el punto de vista del cambio social [&hellip;]<\/p>\n","protected":false},"author":1,"featured_media":0,"comment_status":"open","ping_status":"open","sticky":false,"template":"","format":"standard","meta":{"site-sidebar-layout":"default","site-content-layout":"","ast-site-content-layout":"","site-content-style":"default","site-sidebar-style":"default","ast-global-header-display":"","ast-banner-title-visibility":"","ast-main-header-display":"","ast-hfb-above-header-display":"","ast-hfb-below-header-display":"","ast-hfb-mobile-header-display":"","site-post-title":"","ast-breadcrumbs-content":"","ast-featured-img":"","footer-sml-layout":"","theme-transparent-header-meta":"","adv-header-id-meta":"","stick-header-meta":"","header-above-stick-meta":"","header-main-stick-meta":"","header-below-stick-meta":"","astra-migrate-meta-layouts":"default","ast-page-background-enabled":"default","ast-page-background-meta":{"desktop":{"background-color":"var(--ast-global-color-4)","background-image":"","background-repeat":"repeat","background-position":"center center","background-size":"auto","background-attachment":"scroll","background-type":"","background-media":"","overlay-type":"","overlay-color":"","overlay-gradient":""},"tablet":{"background-color":"","background-image":"","background-repeat":"repeat","background-position":"center center","background-size":"auto","background-attachment":"scroll","background-type":"","background-media":"","overlay-type":"","overlay-color":"","overlay-gradient":""},"mobile":{"background-color":"","background-image":"","background-repeat":"repeat","background-position":"center center","background-size":"auto","background-attachment":"scroll","background-type":"","background-media":"","overlay-type":"","overlay-color":"","overlay-gradient":""}},"ast-content-background-meta":{"desktop":{"background-color":"var(--ast-global-color-5)","background-image":"","background-repeat":"repeat","background-position":"center center","background-size":"auto","background-attachment":"scroll","background-type":"","background-media":"","overlay-type":"","overlay-color":"","overlay-gradient":""},"tablet":{"background-color":"var(--ast-global-color-5)","background-image":"","background-repeat":"repeat","background-position":"center center","background-size":"auto","background-attachment":"scroll","background-type":"","background-media":"","overlay-type":"","overlay-color":"","overlay-gradient":""},"mobile":{"background-color":"var(--ast-global-color-5)","background-image":"","background-repeat":"repeat","background-position":"center center","background-size":"auto","background-attachment":"scroll","background-type":"","background-media":"","overlay-type":"","overlay-color":"","overlay-gradient":""}},"footnotes":""},"categories":[1141,1341],"tags":[6226,102430,114924,5840,5843],"class_list":["post-51015","post","type-post","status-publish","format-standard","hentry","category-pedagogia","category-teoria-y-metodos-educativos","tag-alvaro-buj-gimeno","tag-anselmo-romero-marin","tag-bernal-cruz-francisco-javier","tag-isabel-gutierrez-zuluaga","tag-ricardo-ibanez-marin"],"_links":{"self":[{"href":"https:\/\/www.deberes.net\/tesis\/wp-json\/wp\/v2\/posts\/51015","targetHints":{"allow":["GET"]}}],"collection":[{"href":"https:\/\/www.deberes.net\/tesis\/wp-json\/wp\/v2\/posts"}],"about":[{"href":"https:\/\/www.deberes.net\/tesis\/wp-json\/wp\/v2\/types\/post"}],"author":[{"embeddable":true,"href":"https:\/\/www.deberes.net\/tesis\/wp-json\/wp\/v2\/users\/1"}],"replies":[{"embeddable":true,"href":"https:\/\/www.deberes.net\/tesis\/wp-json\/wp\/v2\/comments?post=51015"}],"version-history":[{"count":0,"href":"https:\/\/www.deberes.net\/tesis\/wp-json\/wp\/v2\/posts\/51015\/revisions"}],"wp:attachment":[{"href":"https:\/\/www.deberes.net\/tesis\/wp-json\/wp\/v2\/media?parent=51015"}],"wp:term":[{"taxonomy":"category","embeddable":true,"href":"https:\/\/www.deberes.net\/tesis\/wp-json\/wp\/v2\/categories?post=51015"},{"taxonomy":"post_tag","embeddable":true,"href":"https:\/\/www.deberes.net\/tesis\/wp-json\/wp\/v2\/tags?post=51015"}],"curies":[{"name":"wp","href":"https:\/\/api.w.org\/{rel}","templated":true}]}}