{"id":51072,"date":"2021-07-19T17:58:40","date_gmt":"2021-07-19T17:58:40","guid":{"rendered":"https:\/\/www.deberes.net\/tesis\/sin-categoria\/fundamentos-de-la-critica-de-la-razon-logica\/"},"modified":"2021-07-19T17:58:40","modified_gmt":"2021-07-19T17:58:40","slug":"fundamentos-de-la-critica-de-la-razon-logica","status":"publish","type":"post","link":"https:\/\/www.deberes.net\/tesis\/filosofia\/fundamentos-de-la-critica-de-la-razon-logica\/","title":{"rendered":"Fundamentos de la critica de la razon logica"},"content":{"rendered":"<h2>Tesis doctoral de <strong> Miguel Garcia-bar\u00f3 Lopez <\/strong><\/h2>\n<p>El objetivo del trabajo es investigar las condiciones ideales-logicas y ontologicas de la posibilidad de la ciencia nomologica. El medio de que me valgo es  a la vez el uso del metodo fenomenologico directo y la interpretacion de la obra de husserl. Las dos partes primeras &#8211; el arte logica y la ciencia logica respectivamente &#8211; exponen fundamentalmente el esquema de la logica pura  a partir de las cuestiones de la necesidad y de la posibilidad real de un arte logica. La tercera parte &#8211; filosofia de la logica &#8211; esta dedicada a profundizar en las condiciones a la fase de lo anterior.  comienza por una breve terminolog\u00eda de las expresiones que sirve de introduccion a la distincion entre la sensibilidad y el entendimiento. Obtenida esta  se pasa al nucleo del problema: el analisis intencional del juicio. Mediante el y la ontolog\u00eda de las formas analiticas y de las materias de tales formas  propongo una serie de correcciones a la doctrina de la fenomenolog\u00eda transcendental. No estoy de acuerdo  sobre todo  con su tesis del entendimiento  ni con su ontolog\u00eda. Destaco la existencia de aforias en la antolog\u00eda formal y por otra parte  a la vez que rechazo la determinacion de los objetos logicos como omnitemporales propongo distinguir dentro del ser ideal una esfera de parciales entia rationi: la de las meras significaciones aqui pertenecen los objetos logicos.<\/p>\n<p>&nbsp;<\/p>\n<h3>Datos acad\u00e9micos de la tesis doctoral \u00ab<strong>Fundamentos de la critica de la razon logica<\/strong>\u00ab<\/h3>\n<ul>\n<li><strong>T\u00edtulo de la tesis:<\/strong>\u00a0 Fundamentos de la critica de la razon logica <\/li>\n<li><strong>Autor:<\/strong>\u00a0 Miguel Garcia-bar\u00f3 Lopez <\/li>\n<li><strong>Universidad:<\/strong>\u00a0 Complutense de Madrid<\/li>\n<li><strong>Fecha de lectura de la tesis:<\/strong>\u00a0 01\/01\/1983<\/li>\n<\/ul>\n<p>&nbsp;<\/p>\n<h3>Direcci\u00f3n y tribunal<\/h3>\n<ul>\n<li><strong>Director de la tesis<\/strong>\n<ul>\n<li>Antonio Millan Puelles<\/li>\n<\/ul>\n<\/li>\n<li><strong>Tribunal<\/strong>\n<ul>\n<li>Presidente del tribunal: Antonio Millan Puelles <\/li>\n<li>Manuel Garrido Gimenez (vocal)<\/li>\n<li>Sergio Rabade Romeo (vocal)<\/li>\n<li>Pascual Martinez Freire (vocal)<\/li>\n<\/ul>\n<\/li>\n<\/ul>\n<p>&nbsp;<\/p>\n","protected":false},"excerpt":{"rendered":"<p>Tesis doctoral de Miguel Garcia-bar\u00f3 Lopez El objetivo del trabajo es investigar las condiciones ideales-logicas y ontologicas de la posibilidad [&hellip;]<\/p>\n","protected":false},"author":1,"featured_media":0,"comment_status":"open","ping_status":"open","sticky":false,"template":"","format":"standard","meta":{"site-sidebar-layout":"default","site-content-layout":"","ast-site-content-layout":"","site-content-style":"default","site-sidebar-style":"default","ast-global-header-display":"","ast-banner-title-visibility":"","ast-main-header-display":"","ast-hfb-above-header-display":"","ast-hfb-below-header-display":"","ast-hfb-mobile-header-display":"","site-post-title":"","ast-breadcrumbs-content":"","ast-featured-img":"","footer-sml-layout":"","theme-transparent-header-meta":"","adv-header-id-meta":"","stick-header-meta":"","header-above-stick-meta":"","header-main-stick-meta":"","header-below-stick-meta":"","astra-migrate-meta-layouts":"default","ast-page-background-enabled":"default","ast-page-background-meta":{"desktop":{"background-color":"var(--ast-global-color-4)","background-image":"","background-repeat":"repeat","background-position":"center center","background-size":"auto","background-attachment":"scroll","background-type":"","background-media":"","overlay-type":"","overlay-color":"","overlay-gradient":""},"tablet":{"background-color":"","background-image":"","background-repeat":"repeat","background-position":"center center","background-size":"auto","background-attachment":"scroll","background-type":"","background-media":"","overlay-type":"","overlay-color":"","overlay-gradient":""},"mobile":{"background-color":"","background-image":"","background-repeat":"repeat","background-position":"center center","background-size":"auto","background-attachment":"scroll","background-type":"","background-media":"","overlay-type":"","overlay-color":"","overlay-gradient":""}},"ast-content-background-meta":{"desktop":{"background-color":"var(--ast-global-color-5)","background-image":"","background-repeat":"repeat","background-position":"center center","background-size":"auto","background-attachment":"scroll","background-type":"","background-media":"","overlay-type":"","overlay-color":"","overlay-gradient":""},"tablet":{"background-color":"var(--ast-global-color-5)","background-image":"","background-repeat":"repeat","background-position":"center center","background-size":"auto","background-attachment":"scroll","background-type":"","background-media":"","overlay-type":"","overlay-color":"","overlay-gradient":""},"mobile":{"background-color":"var(--ast-global-color-5)","background-image":"","background-repeat":"repeat","background-position":"center center","background-size":"auto","background-attachment":"scroll","background-type":"","background-media":"","overlay-type":"","overlay-color":"","overlay-gradient":""}},"footnotes":""},"categories":[165,956,13455],"tags":[32170,108331,22905,13458,804],"class_list":["post-51072","post","type-post","status-publish","format-standard","hentry","category-filosofia","category-filosofia-del-conocimiento","category-teoria-de-la-razon","tag-antonio-millan-puelles","tag-manuel-garrido-gimenez","tag-miguel-garcia-baro-lopez","tag-pascual-Martinez-freire","tag-sergio-rabade-romeo"],"_links":{"self":[{"href":"https:\/\/www.deberes.net\/tesis\/wp-json\/wp\/v2\/posts\/51072","targetHints":{"allow":["GET"]}}],"collection":[{"href":"https:\/\/www.deberes.net\/tesis\/wp-json\/wp\/v2\/posts"}],"about":[{"href":"https:\/\/www.deberes.net\/tesis\/wp-json\/wp\/v2\/types\/post"}],"author":[{"embeddable":true,"href":"https:\/\/www.deberes.net\/tesis\/wp-json\/wp\/v2\/users\/1"}],"replies":[{"embeddable":true,"href":"https:\/\/www.deberes.net\/tesis\/wp-json\/wp\/v2\/comments?post=51072"}],"version-history":[{"count":0,"href":"https:\/\/www.deberes.net\/tesis\/wp-json\/wp\/v2\/posts\/51072\/revisions"}],"wp:attachment":[{"href":"https:\/\/www.deberes.net\/tesis\/wp-json\/wp\/v2\/media?parent=51072"}],"wp:term":[{"taxonomy":"category","embeddable":true,"href":"https:\/\/www.deberes.net\/tesis\/wp-json\/wp\/v2\/categories?post=51072"},{"taxonomy":"post_tag","embeddable":true,"href":"https:\/\/www.deberes.net\/tesis\/wp-json\/wp\/v2\/tags?post=51072"}],"curies":[{"name":"wp","href":"https:\/\/api.w.org\/{rel}","templated":true}]}}