{"id":51332,"date":"2021-08-31T12:28:04","date_gmt":"2021-08-31T12:28:04","guid":{"rendered":"https:\/\/www.deberes.net\/tesis\/sin-categoria\/la-elipsis-en-la-teoria-gramatical\/"},"modified":"2021-08-31T12:28:04","modified_gmt":"2021-08-31T12:28:04","slug":"la-elipsis-en-la-teoria-gramatical","status":"publish","type":"post","link":"https:\/\/www.deberes.net\/tesis\/ciencias-de-las-artes-y-las-letras\/la-elipsis-en-la-teoria-gramatical\/","title":{"rendered":"La elipsis en la teoria gramatical"},"content":{"rendered":"<h2>Tesis doctoral de <strong>  Hernandez Terres Jos\u00e9 Miguel <\/strong><\/h2>\n<p>El trabajo de tesis doctoral plantea una revision del concepto de leipsis tal y como este ha funcionado en la teoria liguistica; concediendo especial aturcion a los primitivos planteamientos de francisco sanchez de las brozas  y tratando de dilimitar  a la lux de las teorias linguisticas del siglo xx  un surtido preciso en el que el concepto de elipsis pueda ser utilizado  en teoria sintactica  con mayor precision y rigor.<\/p>\n<p>&nbsp;<\/p>\n<h3>Datos acad\u00e9micos de la tesis doctoral \u00ab<strong>La elipsis en la teoria gramatical<\/strong>\u00ab<\/h3>\n<ul>\n<li><strong>T\u00edtulo de la tesis:<\/strong>\u00a0 La elipsis en la teoria gramatical <\/li>\n<li><strong>Autor:<\/strong>\u00a0  Hernandez Terres Jos\u00e9 Miguel <\/li>\n<li><strong>Universidad:<\/strong>\u00a0 Murcia<\/li>\n<li><strong>Fecha de lectura de la tesis:<\/strong>\u00a0 01\/01\/1983<\/li>\n<\/ul>\n<p>&nbsp;<\/p>\n<h3>Direcci\u00f3n y tribunal<\/h3>\n<ul>\n<li><strong>Director de la tesis<\/strong>\n<ul>\n<li>Antonio Rold\u00e1n P\u00e9rez<\/li>\n<\/ul>\n<\/li>\n<li><strong>Tribunal<\/strong>\n<ul>\n<li>Presidente del tribunal: Antonio Rold\u00e1n P\u00e9rez <\/li>\n<li>\u00e1ngel L\u00f3pez Garc\u00eda-molins (vocal)<\/li>\n<li>Fernando Lazaro Carreter (vocal)<\/li>\n<li>Miguel \u00e1ngel Garrido Gallardo (vocal)<\/li>\n<\/ul>\n<\/li>\n<\/ul>\n<p>&nbsp;<\/p>\n","protected":false},"excerpt":{"rendered":"<p>Tesis doctoral de Hernandez Terres Jos\u00e9 Miguel El trabajo de tesis doctoral plantea una revision del concepto de leipsis tal [&hellip;]<\/p>\n","protected":false},"author":1,"featured_media":0,"comment_status":"open","ping_status":"open","sticky":false,"template":"","format":"standard","meta":{"site-sidebar-layout":"default","site-content-layout":"","ast-site-content-layout":"","site-content-style":"default","site-sidebar-style":"default","ast-global-header-display":"","ast-banner-title-visibility":"","ast-main-header-display":"","ast-hfb-above-header-display":"","ast-hfb-below-header-display":"","ast-hfb-mobile-header-display":"","site-post-title":"","ast-breadcrumbs-content":"","ast-featured-img":"","footer-sml-layout":"","theme-transparent-header-meta":"","adv-header-id-meta":"","stick-header-meta":"","header-above-stick-meta":"","header-main-stick-meta":"","header-below-stick-meta":"","astra-migrate-meta-layouts":"default","ast-page-background-enabled":"default","ast-page-background-meta":{"desktop":{"background-color":"var(--ast-global-color-4)","background-image":"","background-repeat":"repeat","background-position":"center center","background-size":"auto","background-attachment":"scroll","background-type":"","background-media":"","overlay-type":"","overlay-color":"","overlay-gradient":""},"tablet":{"background-color":"","background-image":"","background-repeat":"repeat","background-position":"center center","background-size":"auto","background-attachment":"scroll","background-type":"","background-media":"","overlay-type":"","overlay-color":"","overlay-gradient":""},"mobile":{"background-color":"","background-image":"","background-repeat":"repeat","background-position":"center center","background-size":"auto","background-attachment":"scroll","background-type":"","background-media":"","overlay-type":"","overlay-color":"","overlay-gradient":""}},"ast-content-background-meta":{"desktop":{"background-color":"var(--ast-global-color-5)","background-image":"","background-repeat":"repeat","background-position":"center center","background-size":"auto","background-attachment":"scroll","background-type":"","background-media":"","overlay-type":"","overlay-color":"","overlay-gradient":""},"tablet":{"background-color":"var(--ast-global-color-5)","background-image":"","background-repeat":"repeat","background-position":"center center","background-size":"auto","background-attachment":"scroll","background-type":"","background-media":"","overlay-type":"","overlay-color":"","overlay-gradient":""},"mobile":{"background-color":"var(--ast-global-color-5)","background-image":"","background-repeat":"repeat","background-position":"center center","background-size":"auto","background-attachment":"scroll","background-type":"","background-media":"","overlay-type":"","overlay-color":"","overlay-gradient":""}},"footnotes":""},"categories":[147,149,8235,628],"tags":[43585,61888,13413,39230,17377],"class_list":["post-51332","post","type-post","status-publish","format-standard","hentry","category-ciencias-de-las-artes-y-las-letras","category-critica-de-textos","category-murcia","category-teoria-analisis-y-critica-literarios","tag-angel-lopez-garcia-molins","tag-antonio-roldan-perez","tag-fernando-lazaro-carreter","tag-hernandez-terres-jose-miguel","tag-miguel-angel-garrido-gallardo"],"_links":{"self":[{"href":"https:\/\/www.deberes.net\/tesis\/wp-json\/wp\/v2\/posts\/51332","targetHints":{"allow":["GET"]}}],"collection":[{"href":"https:\/\/www.deberes.net\/tesis\/wp-json\/wp\/v2\/posts"}],"about":[{"href":"https:\/\/www.deberes.net\/tesis\/wp-json\/wp\/v2\/types\/post"}],"author":[{"embeddable":true,"href":"https:\/\/www.deberes.net\/tesis\/wp-json\/wp\/v2\/users\/1"}],"replies":[{"embeddable":true,"href":"https:\/\/www.deberes.net\/tesis\/wp-json\/wp\/v2\/comments?post=51332"}],"version-history":[{"count":0,"href":"https:\/\/www.deberes.net\/tesis\/wp-json\/wp\/v2\/posts\/51332\/revisions"}],"wp:attachment":[{"href":"https:\/\/www.deberes.net\/tesis\/wp-json\/wp\/v2\/media?parent=51332"}],"wp:term":[{"taxonomy":"category","embeddable":true,"href":"https:\/\/www.deberes.net\/tesis\/wp-json\/wp\/v2\/categories?post=51332"},{"taxonomy":"post_tag","embeddable":true,"href":"https:\/\/www.deberes.net\/tesis\/wp-json\/wp\/v2\/tags?post=51332"}],"curies":[{"name":"wp","href":"https:\/\/api.w.org\/{rel}","templated":true}]}}