{"id":51372,"date":"2021-09-06T17:46:30","date_gmt":"2021-09-06T17:46:30","guid":{"rendered":"https:\/\/www.deberes.net\/tesis\/sin-categoria\/aspectos-auxologicos-de-la-poblacion-escolar-agricologanadera-asturiana\/"},"modified":"2021-09-06T17:46:30","modified_gmt":"2021-09-06T17:46:30","slug":"aspectos-auxologicos-de-la-poblacion-escolar-agricologanadera-asturiana","status":"publish","type":"post","link":"https:\/\/www.deberes.net\/tesis\/ciencias-de-la-vida\/aspectos-auxologicos-de-la-poblacion-escolar-agricologanadera-asturiana\/","title":{"rendered":"Aspectos auxologicos de la poblacion escolar agricologanadera asturiana"},"content":{"rendered":"<h2>Tesis doctoral de <strong>  Fernandez Rico M. Manolina <\/strong><\/h2>\n<p>Se estudia el crecimiento en la tercera infancia y en la adolescencia (5-15 a\u00f1os) de una muestra de ni\u00f1os de origen agricolo-ganadero y distinta procedencia geografica dentro de asturias. En cada ni\u00f1o se analizaron diversos caracteres somatometricos y somatofisiologicos cuantificandose las variaciones experimentadas durante el periodo de edad analizado  tanto intra como interpoblacionalmente. Los resultados obtenidos ponen de manifiesto que las diferencias ambientales existentes para la muestra analizada son traducibles en diferencias en el patron de crecimiento de los ni\u00f1os rurales respecto de los ni\u00f1os urbanos (de oviedo); los primeros presentan pautas de crecimiento mas desfavorables que los segundos.  por otra parte  los ni\u00f1os agricolo-ganaderos asturianos presentan pautas de crecimiento similares a otros ni\u00f1os rurales espa\u00f1oles con los que se compararon.<\/p>\n<p>&nbsp;<\/p>\n<h3>Datos acad\u00e9micos de la tesis doctoral \u00ab<strong>Aspectos auxologicos de la poblacion escolar agricologanadera asturiana<\/strong>\u00ab<\/h3>\n<ul>\n<li><strong>T\u00edtulo de la tesis:<\/strong>\u00a0 Aspectos auxologicos de la poblacion escolar agricologanadera asturiana <\/li>\n<li><strong>Autor:<\/strong>\u00a0  Fernandez Rico M. Manolina <\/li>\n<li><strong>Universidad:<\/strong>\u00a0 Oviedo<\/li>\n<li><strong>Fecha de lectura de la tesis:<\/strong>\u00a0 01\/01\/1983<\/li>\n<\/ul>\n<p>&nbsp;<\/p>\n<h3>Direcci\u00f3n y tribunal<\/h3>\n<ul>\n<li><strong>Director de la tesis<\/strong>\n<ul>\n<li>Jos\u00e9 Enrique Egocheaga  Rodriguez<\/li>\n<\/ul>\n<\/li>\n<li><strong>Tribunal<\/strong>\n<ul>\n<li>Presidente del tribunal: Julian Rubio Cardiel <\/li>\n<li>Tito Antonio Varela Lopez (vocal)<\/li>\n<li>Bernardo Mar\u00edn Fern\u00e1ndez (vocal)<\/li>\n<li>Jos\u00e9 Enrique Egocheaga  Rodriguez (vocal)<\/li>\n<\/ul>\n<\/li>\n<\/ul>\n<p>&nbsp;<\/p>\n","protected":false},"excerpt":{"rendered":"<p>Tesis doctoral de Fernandez Rico M. Manolina Se estudia el crecimiento en la tercera infancia y en la adolescencia (5-15 [&hellip;]<\/p>\n","protected":false},"author":1,"featured_media":0,"comment_status":"open","ping_status":"open","sticky":false,"template":"","format":"standard","meta":{"site-sidebar-layout":"default","site-content-layout":"","ast-site-content-layout":"","site-content-style":"default","site-sidebar-style":"default","ast-global-header-display":"","ast-banner-title-visibility":"","ast-main-header-display":"","ast-hfb-above-header-display":"","ast-hfb-below-header-display":"","ast-hfb-mobile-header-display":"","site-post-title":"","ast-breadcrumbs-content":"","ast-featured-img":"","footer-sml-layout":"","theme-transparent-header-meta":"","adv-header-id-meta":"","stick-header-meta":"","header-above-stick-meta":"","header-main-stick-meta":"","header-below-stick-meta":"","astra-migrate-meta-layouts":"default","ast-page-background-enabled":"default","ast-page-background-meta":{"desktop":{"background-color":"var(--ast-global-color-4)","background-image":"","background-repeat":"repeat","background-position":"center center","background-size":"auto","background-attachment":"scroll","background-type":"","background-media":"","overlay-type":"","overlay-color":"","overlay-gradient":""},"tablet":{"background-color":"","background-image":"","background-repeat":"repeat","background-position":"center center","background-size":"auto","background-attachment":"scroll","background-type":"","background-media":"","overlay-type":"","overlay-color":"","overlay-gradient":""},"mobile":{"background-color":"","background-image":"","background-repeat":"repeat","background-position":"center center","background-size":"auto","background-attachment":"scroll","background-type":"","background-media":"","overlay-type":"","overlay-color":"","overlay-gradient":""}},"ast-content-background-meta":{"desktop":{"background-color":"var(--ast-global-color-5)","background-image":"","background-repeat":"repeat","background-position":"center center","background-size":"auto","background-attachment":"scroll","background-type":"","background-media":"","overlay-type":"","overlay-color":"","overlay-gradient":""},"tablet":{"background-color":"var(--ast-global-color-5)","background-image":"","background-repeat":"repeat","background-position":"center center","background-size":"auto","background-attachment":"scroll","background-type":"","background-media":"","overlay-type":"","overlay-color":"","overlay-gradient":""},"mobile":{"background-color":"var(--ast-global-color-5)","background-image":"","background-repeat":"repeat","background-position":"center center","background-size":"auto","background-attachment":"scroll","background-type":"","background-media":"","overlay-type":"","overlay-color":"","overlay-gradient":""}},"footnotes":""},"categories":[922,35,7516,8846],"tags":[677,115229,6979,108830,51246],"class_list":["post-51372","post","type-post","status-publish","format-standard","hentry","category-antropologia-fisica","category-ciencias-de-la-vida","category-desarrollo-somatico","category-oviedo","tag-bernardo-marin-fernandez","tag-fernandez-rico-m-manolina","tag-jose-enrique-egocheaga-rodriguez","tag-julian-rubio-cardiel","tag-tito-antonio-varela-lopez"],"_links":{"self":[{"href":"https:\/\/www.deberes.net\/tesis\/wp-json\/wp\/v2\/posts\/51372","targetHints":{"allow":["GET"]}}],"collection":[{"href":"https:\/\/www.deberes.net\/tesis\/wp-json\/wp\/v2\/posts"}],"about":[{"href":"https:\/\/www.deberes.net\/tesis\/wp-json\/wp\/v2\/types\/post"}],"author":[{"embeddable":true,"href":"https:\/\/www.deberes.net\/tesis\/wp-json\/wp\/v2\/users\/1"}],"replies":[{"embeddable":true,"href":"https:\/\/www.deberes.net\/tesis\/wp-json\/wp\/v2\/comments?post=51372"}],"version-history":[{"count":0,"href":"https:\/\/www.deberes.net\/tesis\/wp-json\/wp\/v2\/posts\/51372\/revisions"}],"wp:attachment":[{"href":"https:\/\/www.deberes.net\/tesis\/wp-json\/wp\/v2\/media?parent=51372"}],"wp:term":[{"taxonomy":"category","embeddable":true,"href":"https:\/\/www.deberes.net\/tesis\/wp-json\/wp\/v2\/categories?post=51372"},{"taxonomy":"post_tag","embeddable":true,"href":"https:\/\/www.deberes.net\/tesis\/wp-json\/wp\/v2\/tags?post=51372"}],"curies":[{"name":"wp","href":"https:\/\/api.w.org\/{rel}","templated":true}]}}