{"id":51439,"date":"2021-09-17T20:04:03","date_gmt":"2021-09-17T20:04:03","guid":{"rendered":"https:\/\/www.deberes.net\/tesis\/sin-categoria\/mapa-sanitario-de-navarra-siglos-xix-xx\/"},"modified":"2021-09-17T20:04:03","modified_gmt":"2021-09-17T20:04:03","slug":"mapa-sanitario-de-navarra-siglos-xix-xx","status":"publish","type":"post","link":"https:\/\/www.deberes.net\/tesis\/historia\/mapa-sanitario-de-navarra-siglos-xix-xx\/","title":{"rendered":"Mapa sanitario de navarra (siglos xix-xx)."},"content":{"rendered":"<h2>Tesis doctoral de <strong>  Goti Iturriaga Pedro M. <\/strong><\/h2>\n<p>Se analiza la distribucion geogradica de las dolencias edemicas en la provincia de navarra durante el siglo xix.  a esta primera parte  se suman  en las dos restantes  el estudio de la organizacion hospitalaria de la provincia (siglos xix.Xx) particularizando las instituciones asistenciales de la ruta jacobea  componiendo  como parte final  el examen de las fuentes minero-medicinales navarras con referencia a la bibliogradia medica sobre las mismas de los siglos xix y xx.<\/p>\n<p>&nbsp;<\/p>\n<h3>Datos acad\u00e9micos de la tesis doctoral \u00ab<strong>Mapa sanitario de navarra (siglos xix-xx).<\/strong>\u00ab<\/h3>\n<ul>\n<li><strong>T\u00edtulo de la tesis:<\/strong>\u00a0 Mapa sanitario de navarra (siglos xix-xx). <\/li>\n<li><strong>Autor:<\/strong>\u00a0  Goti Iturriaga Pedro M. <\/li>\n<li><strong>Universidad:<\/strong>\u00a0 Salamanca<\/li>\n<li><strong>Fecha de lectura de la tesis:<\/strong>\u00a0 01\/01\/1983<\/li>\n<\/ul>\n<p>&nbsp;<\/p>\n<h3>Direcci\u00f3n y tribunal<\/h3>\n<ul>\n<li><strong>Director de la tesis<\/strong>\n<ul>\n<li>Luis Sanchez Granjel<\/li>\n<\/ul>\n<\/li>\n<li><strong>Tribunal<\/strong>\n<ul>\n<li>Presidente del tribunal: Luis Sanchez Granjel <\/li>\n<li>Angel Garcia Hernandez (vocal)<\/li>\n<li>Juan Riera Palmero (vocal)<\/li>\n<li>Mar\u00eda  Del Carmen S\u00e1enz Gonz\u00e1lez (vocal)<\/li>\n<\/ul>\n<\/li>\n<\/ul>\n<p>&nbsp;<\/p>\n","protected":false},"excerpt":{"rendered":"<p>Tesis doctoral de Goti Iturriaga Pedro M. Se analiza la distribucion geogradica de las dolencias edemicas en la provincia de [&hellip;]<\/p>\n","protected":false},"author":1,"featured_media":0,"comment_status":"open","ping_status":"open","sticky":false,"template":"","format":"standard","meta":{"site-sidebar-layout":"default","site-content-layout":"","ast-site-content-layout":"","site-content-style":"default","site-sidebar-style":"default","ast-global-header-display":"","ast-banner-title-visibility":"","ast-main-header-display":"","ast-hfb-above-header-display":"","ast-hfb-below-header-display":"","ast-hfb-mobile-header-display":"","site-post-title":"","ast-breadcrumbs-content":"","ast-featured-img":"","footer-sml-layout":"","theme-transparent-header-meta":"","adv-header-id-meta":"","stick-header-meta":"","header-above-stick-meta":"","header-main-stick-meta":"","header-below-stick-meta":"","astra-migrate-meta-layouts":"default","ast-page-background-enabled":"default","ast-page-background-meta":{"desktop":{"background-color":"var(--ast-global-color-4)","background-image":"","background-repeat":"repeat","background-position":"center center","background-size":"auto","background-attachment":"scroll","background-type":"","background-media":"","overlay-type":"","overlay-color":"","overlay-gradient":""},"tablet":{"background-color":"","background-image":"","background-repeat":"repeat","background-position":"center center","background-size":"auto","background-attachment":"scroll","background-type":"","background-media":"","overlay-type":"","overlay-color":"","overlay-gradient":""},"mobile":{"background-color":"","background-image":"","background-repeat":"repeat","background-position":"center center","background-size":"auto","background-attachment":"scroll","background-type":"","background-media":"","overlay-type":"","overlay-color":"","overlay-gradient":""}},"ast-content-background-meta":{"desktop":{"background-color":"var(--ast-global-color-5)","background-image":"","background-repeat":"repeat","background-position":"center center","background-size":"auto","background-attachment":"scroll","background-type":"","background-media":"","overlay-type":"","overlay-color":"","overlay-gradient":""},"tablet":{"background-color":"var(--ast-global-color-5)","background-image":"","background-repeat":"repeat","background-position":"center center","background-size":"auto","background-attachment":"scroll","background-type":"","background-media":"","overlay-type":"","overlay-color":"","overlay-gradient":""},"mobile":{"background-color":"var(--ast-global-color-5)","background-image":"","background-repeat":"repeat","background-position":"center center","background-size":"auto","background-attachment":"scroll","background-type":"","background-media":"","overlay-type":"","overlay-color":"","overlay-gradient":""}},"footnotes":""},"categories":[104,221,222,9386],"tags":[9852,115291,9425,9424,8318],"class_list":["post-51439","post","type-post","status-publish","format-standard","hentry","category-historia","category-historia-de-la-medicina","category-historias-especializadas","category-salamanca","tag-angel-garcia-hernandez","tag-goti-iturriaga-pedro-m","tag-juan-riera-palmero","tag-luis-sanchez-granjel","tag-maria-del-carmen-saenz-gonzalez"],"_links":{"self":[{"href":"https:\/\/www.deberes.net\/tesis\/wp-json\/wp\/v2\/posts\/51439","targetHints":{"allow":["GET"]}}],"collection":[{"href":"https:\/\/www.deberes.net\/tesis\/wp-json\/wp\/v2\/posts"}],"about":[{"href":"https:\/\/www.deberes.net\/tesis\/wp-json\/wp\/v2\/types\/post"}],"author":[{"embeddable":true,"href":"https:\/\/www.deberes.net\/tesis\/wp-json\/wp\/v2\/users\/1"}],"replies":[{"embeddable":true,"href":"https:\/\/www.deberes.net\/tesis\/wp-json\/wp\/v2\/comments?post=51439"}],"version-history":[{"count":0,"href":"https:\/\/www.deberes.net\/tesis\/wp-json\/wp\/v2\/posts\/51439\/revisions"}],"wp:attachment":[{"href":"https:\/\/www.deberes.net\/tesis\/wp-json\/wp\/v2\/media?parent=51439"}],"wp:term":[{"taxonomy":"category","embeddable":true,"href":"https:\/\/www.deberes.net\/tesis\/wp-json\/wp\/v2\/categories?post=51439"},{"taxonomy":"post_tag","embeddable":true,"href":"https:\/\/www.deberes.net\/tesis\/wp-json\/wp\/v2\/tags?post=51439"}],"curies":[{"name":"wp","href":"https:\/\/api.w.org\/{rel}","templated":true}]}}