{"id":51452,"date":"2021-09-20T00:29:15","date_gmt":"2021-09-20T00:29:15","guid":{"rendered":"https:\/\/www.deberes.net\/tesis\/sin-categoria\/los-dialectos-dorios-del-noroeste-gramatica-y-estudio-dialectal\/"},"modified":"2021-09-20T00:29:15","modified_gmt":"2021-09-20T00:29:15","slug":"los-dialectos-dorios-del-noroeste-gramatica-y-estudio-dialectal","status":"publish","type":"post","link":"https:\/\/www.deberes.net\/tesis\/linguistica\/los-dialectos-dorios-del-noroeste-gramatica-y-estudio-dialectal\/","title":{"rendered":"Los dialectos dorios del noroeste: gramatica y estudio dialectal."},"content":{"rendered":"<h2>Tesis doctoral de <strong> Juli\u00e1n M\u00e9ndez Dosuna <\/strong><\/h2>\n<p>En la primera parte del trabajo se describen exhaustivamente los rasgos foneticos y morfologicos de las inscripciones de los dialectos nordoccidentales (epirota  acrananio  etolio  dialectos del golfo de malide y de la doride  locrio occ. Or. Y epizefirio). En la 2. Se estudia la relacion genetica de los dialectos dorios y nordoccidentales: ninguno de los rasgos exclusivos de estos (st pot sth  er ar  dat. Sg. Tematico en -oi  ac. Pl. Atematico en -es dats. Pl. Atematicos en -ois y essi y part. Med.-Pas.  -eimenos) permite fechas la escision de la rama nordoccidental del tronco dorio antes de epoca postmicenica.<\/p>\n<p>&nbsp;<\/p>\n<h3>Datos acad\u00e9micos de la tesis doctoral \u00ab<strong>Los dialectos dorios del noroeste: gramatica y estudio dialectal.<\/strong>\u00ab<\/h3>\n<ul>\n<li><strong>T\u00edtulo de la tesis:<\/strong>\u00a0 Los dialectos dorios del noroeste: gramatica y estudio dialectal. <\/li>\n<li><strong>Autor:<\/strong>\u00a0 Juli\u00e1n M\u00e9ndez Dosuna <\/li>\n<li><strong>Universidad:<\/strong>\u00a0 Salamanca<\/li>\n<li><strong>Fecha de lectura de la tesis:<\/strong>\u00a0 01\/01\/1983<\/li>\n<\/ul>\n<p>&nbsp;<\/p>\n<h3>Direcci\u00f3n y tribunal<\/h3>\n<ul>\n<li><strong>Director de la tesis<\/strong>\n<ul>\n<li>Antonio Lopez Eire<\/li>\n<\/ul>\n<\/li>\n<li><strong>Tribunal<\/strong>\n<ul>\n<li>Presidente del tribunal: Antonio Lopez Eire <\/li>\n<li>Mart\u00edn Ruip\u00e9rez S\u00e1nchez (vocal)<\/li>\n<li> Hoz Bravo J. Javier (vocal)<\/li>\n<li> Moralejo Alvarez Juan  Jos\u00e9 (vocal)<\/li>\n<\/ul>\n<\/li>\n<\/ul>\n<p>&nbsp;<\/p>\n","protected":false},"excerpt":{"rendered":"<p>Tesis doctoral de Juli\u00e1n M\u00e9ndez Dosuna En la primera parte del trabajo se describen exhaustivamente los rasgos foneticos y morfologicos [&hellip;]<\/p>\n","protected":false},"author":1,"featured_media":0,"comment_status":"open","ping_status":"open","sticky":false,"template":"","format":"standard","meta":{"site-sidebar-layout":"default","site-content-layout":"","ast-site-content-layout":"","site-content-style":"default","site-sidebar-style":"default","ast-global-header-display":"","ast-banner-title-visibility":"","ast-main-header-display":"","ast-hfb-above-header-display":"","ast-hfb-below-header-display":"","ast-hfb-mobile-header-display":"","site-post-title":"","ast-breadcrumbs-content":"","ast-featured-img":"","footer-sml-layout":"","theme-transparent-header-meta":"","adv-header-id-meta":"","stick-header-meta":"","header-above-stick-meta":"","header-main-stick-meta":"","header-below-stick-meta":"","astra-migrate-meta-layouts":"default","ast-page-background-enabled":"default","ast-page-background-meta":{"desktop":{"background-color":"var(--ast-global-color-4)","background-image":"","background-repeat":"repeat","background-position":"center center","background-size":"auto","background-attachment":"scroll","background-type":"","background-media":"","overlay-type":"","overlay-color":"","overlay-gradient":""},"tablet":{"background-color":"","background-image":"","background-repeat":"repeat","background-position":"center center","background-size":"auto","background-attachment":"scroll","background-type":"","background-media":"","overlay-type":"","overlay-color":"","overlay-gradient":""},"mobile":{"background-color":"","background-image":"","background-repeat":"repeat","background-position":"center center","background-size":"auto","background-attachment":"scroll","background-type":"","background-media":"","overlay-type":"","overlay-color":"","overlay-gradient":""}},"ast-content-background-meta":{"desktop":{"background-color":"var(--ast-global-color-5)","background-image":"","background-repeat":"repeat","background-position":"center center","background-size":"auto","background-attachment":"scroll","background-type":"","background-media":"","overlay-type":"","overlay-color":"","overlay-gradient":""},"tablet":{"background-color":"var(--ast-global-color-5)","background-image":"","background-repeat":"repeat","background-position":"center center","background-size":"auto","background-attachment":"scroll","background-type":"","background-media":"","overlay-type":"","overlay-color":"","overlay-gradient":""},"mobile":{"background-color":"var(--ast-global-color-5)","background-image":"","background-repeat":"repeat","background-position":"center center","background-size":"auto","background-attachment":"scroll","background-type":"","background-media":"","overlay-type":"","overlay-color":"","overlay-gradient":""}},"footnotes":""},"categories":[1399,1401,33499,59,423,590,9386],"tags":[9669,113881,88042,11569,21514],"class_list":["post-51452","post","type-post","status-publish","format-standard","hentry","category-geografia","category-geografia-humana","category-geografia-linguistica","category-linguistica","category-linguistica-diacronica","category-linguistica-historica","category-salamanca","tag-antonio-lopez-eire","tag-hoz-bravo-j-javier","tag-julian-mendez-dosuna","tag-martin-ruiperez-sanchez","tag-moralejo-alvarez-juan-jose"],"_links":{"self":[{"href":"https:\/\/www.deberes.net\/tesis\/wp-json\/wp\/v2\/posts\/51452","targetHints":{"allow":["GET"]}}],"collection":[{"href":"https:\/\/www.deberes.net\/tesis\/wp-json\/wp\/v2\/posts"}],"about":[{"href":"https:\/\/www.deberes.net\/tesis\/wp-json\/wp\/v2\/types\/post"}],"author":[{"embeddable":true,"href":"https:\/\/www.deberes.net\/tesis\/wp-json\/wp\/v2\/users\/1"}],"replies":[{"embeddable":true,"href":"https:\/\/www.deberes.net\/tesis\/wp-json\/wp\/v2\/comments?post=51452"}],"version-history":[{"count":0,"href":"https:\/\/www.deberes.net\/tesis\/wp-json\/wp\/v2\/posts\/51452\/revisions"}],"wp:attachment":[{"href":"https:\/\/www.deberes.net\/tesis\/wp-json\/wp\/v2\/media?parent=51452"}],"wp:term":[{"taxonomy":"category","embeddable":true,"href":"https:\/\/www.deberes.net\/tesis\/wp-json\/wp\/v2\/categories?post=51452"},{"taxonomy":"post_tag","embeddable":true,"href":"https:\/\/www.deberes.net\/tesis\/wp-json\/wp\/v2\/tags?post=51452"}],"curies":[{"name":"wp","href":"https:\/\/api.w.org\/{rel}","templated":true}]}}