{"id":5152,"date":"1995-01-01T00:00:00","date_gmt":"1995-01-01T00:00:00","guid":{"rendered":"https:\/\/www.deberes.net\/tesis\/1995\/01\/01\/respuesta-a-la-agresion-quirurgica-bajo-anestesia-total-intravenosa-con-alfentanil\/"},"modified":"1995-01-01T00:00:00","modified_gmt":"1995-01-01T00:00:00","slug":"respuesta-a-la-agresion-quirurgica-bajo-anestesia-total-intravenosa-con-alfentanil","status":"publish","type":"post","link":"https:\/\/www.deberes.net\/tesis\/ciencias-medicas\/respuesta-a-la-agresion-quirurgica-bajo-anestesia-total-intravenosa-con-alfentanil\/","title":{"rendered":"Respuesta a la agresion quirurgica bajo anestesia total intravenosa con alfentanil."},"content":{"rendered":"<h2>Tesis doctoral de <strong>  Garc\u00eda De On\u00eds Montero Jos\u00e9 Luis <\/strong><\/h2>\n<p>En los ultimos a\u00f1os una de las tendencias de la practica anestesico-quirurgica es la de poder valorar la respuesta del organismo a la agresion producida por la cirugia, utilizando farmacos que minimicen los cambios neuro-endocrinos, metabolicos, clinicos e inmunologicos que se producen como consecuencia de dicha agresion.Esto ha llevado a los investigadores a la busqueda de farmacos que pueden abrir nuevos horizontes a la proteccion del organismo ante la agresion anestesico-quirurgico.Uno de los ultimos farmacos incorporados al arsenal terapeutico es un analgesico de sintesis, el alfentanil, producto de accion rapida con el que hemos realizado la siguiente hipotesis de trabajo: 1.-Comprobar que el alfentanil protege al enfermo frente a la agresion quirurgica con disminucion de las respuestas hormonales y hemodinamicas.  2.-Estudiar la incidencia de vomitos producidos por el producto. 3.-Comprobar la ausencia o presencia de remorfinizaciones precoces y\/o tardias. 4.-Poder extrapolar los beneficios del farmaco para su utilizacion en cirugia ambulatoria y de corta duracion.<\/p>\n<p>&nbsp;<\/p>\n<h3>Datos acad\u00e9micos de la tesis doctoral \u00ab<strong>Respuesta a la agresion quirurgica bajo anestesia total intravenosa con alfentanil.<\/strong>\u00ab<\/h3>\n<ul>\n<li><strong>T\u00edtulo de la tesis:<\/strong>\u00a0 Respuesta a la agresion quirurgica bajo anestesia total intravenosa con alfentanil. <\/li>\n<li><strong>Autor:<\/strong>\u00a0  Garc\u00eda De On\u00eds Montero Jos\u00e9 Luis <\/li>\n<li><strong>Universidad:<\/strong>\u00a0 C\u00e1diz<\/li>\n<li><strong>Fecha de lectura de la tesis:<\/strong>\u00a0 01\/01\/1995<\/li>\n<\/ul>\n<p>&nbsp;<\/p>\n<h3>Direcci\u00f3n y tribunal<\/h3>\n<ul>\n<li><strong>Director de la tesis<\/strong>\n<ul>\n<li>Mar\u00eda Sol Carrasco Jim\u00e9nez<\/li>\n<\/ul>\n<\/li>\n<li><strong>Tribunal<\/strong>\n<ul>\n<li>Presidente del tribunal: Mar\u00eda no Fernandez-zumel Tapia <\/li>\n<li> De Las Mulas Bejar Mar\u00eda no (vocal)<\/li>\n<li>Miguel Angel Nalda Felipe (vocal)<\/li>\n<li>Mario Baudet Carrillo (vocal)<\/li>\n<\/ul>\n<\/li>\n<\/ul>\n<p>&nbsp;<\/p>\n","protected":false},"excerpt":{"rendered":"<p>Tesis doctoral de Garc\u00eda De On\u00eds Montero Jos\u00e9 Luis En los ultimos a\u00f1os una de las tendencias de la practica [&hellip;]<\/p>\n","protected":false},"author":1,"featured_media":0,"comment_status":"open","ping_status":"open","sticky":false,"template":"","format":"standard","meta":{"site-sidebar-layout":"default","site-content-layout":"","ast-site-content-layout":"","site-content-style":"default","site-sidebar-style":"default","ast-global-header-display":"","ast-banner-title-visibility":"","ast-main-header-display":"","ast-hfb-above-header-display":"","ast-hfb-below-header-display":"","ast-hfb-mobile-header-display":"","site-post-title":"","ast-breadcrumbs-content":"","ast-featured-img":"","footer-sml-layout":"","theme-transparent-header-meta":"","adv-header-id-meta":"","stick-header-meta":"","header-above-stick-meta":"","header-main-stick-meta":"","header-below-stick-meta":"","astra-migrate-meta-layouts":"default","ast-page-background-enabled":"default","ast-page-background-meta":{"desktop":{"background-color":"var(--ast-global-color-4)","background-image":"","background-repeat":"repeat","background-position":"center center","background-size":"auto","background-attachment":"scroll","background-type":"","background-media":"","overlay-type":"","overlay-color":"","overlay-gradient":""},"tablet":{"background-color":"","background-image":"","background-repeat":"repeat","background-position":"center center","background-size":"auto","background-attachment":"scroll","background-type":"","background-media":"","overlay-type":"","overlay-color":"","overlay-gradient":""},"mobile":{"background-color":"","background-image":"","background-repeat":"repeat","background-position":"center center","background-size":"auto","background-attachment":"scroll","background-type":"","background-media":"","overlay-type":"","overlay-color":"","overlay-gradient":""}},"ast-content-background-meta":{"desktop":{"background-color":"var(--ast-global-color-5)","background-image":"","background-repeat":"repeat","background-position":"center center","background-size":"auto","background-attachment":"scroll","background-type":"","background-media":"","overlay-type":"","overlay-color":"","overlay-gradient":""},"tablet":{"background-color":"var(--ast-global-color-5)","background-image":"","background-repeat":"repeat","background-position":"center center","background-size":"auto","background-attachment":"scroll","background-type":"","background-media":"","overlay-type":"","overlay-color":"","overlay-gradient":""},"mobile":{"background-color":"var(--ast-global-color-5)","background-image":"","background-repeat":"repeat","background-position":"center center","background-size":"auto","background-attachment":"scroll","background-type":"","background-media":"","overlay-type":"","overlay-color":"","overlay-gradient":""}},"footnotes":""},"categories":[1569,1506,9,141],"tags":[20585,20583,20584,1571,20520,1093],"class_list":["post-5152","post","type-post","status-publish","format-standard","hentry","category-anestesiologia-quirurgica","category-cadiz","category-ciencias-medicas","category-cirugia","tag-de-las-mulas-bejar-maria-no","tag-garcia-de-onis-montero-jose-luis","tag-maria-no-fernandez-zumel-tapia","tag-maria-sol-carrasco-jimenez","tag-mario-baudet-carrillo","tag-miguel-angel-nalda-felipe"],"_links":{"self":[{"href":"https:\/\/www.deberes.net\/tesis\/wp-json\/wp\/v2\/posts\/5152","targetHints":{"allow":["GET"]}}],"collection":[{"href":"https:\/\/www.deberes.net\/tesis\/wp-json\/wp\/v2\/posts"}],"about":[{"href":"https:\/\/www.deberes.net\/tesis\/wp-json\/wp\/v2\/types\/post"}],"author":[{"embeddable":true,"href":"https:\/\/www.deberes.net\/tesis\/wp-json\/wp\/v2\/users\/1"}],"replies":[{"embeddable":true,"href":"https:\/\/www.deberes.net\/tesis\/wp-json\/wp\/v2\/comments?post=5152"}],"version-history":[{"count":0,"href":"https:\/\/www.deberes.net\/tesis\/wp-json\/wp\/v2\/posts\/5152\/revisions"}],"wp:attachment":[{"href":"https:\/\/www.deberes.net\/tesis\/wp-json\/wp\/v2\/media?parent=5152"}],"wp:term":[{"taxonomy":"category","embeddable":true,"href":"https:\/\/www.deberes.net\/tesis\/wp-json\/wp\/v2\/categories?post=5152"},{"taxonomy":"post_tag","embeddable":true,"href":"https:\/\/www.deberes.net\/tesis\/wp-json\/wp\/v2\/tags?post=5152"}],"curies":[{"name":"wp","href":"https:\/\/api.w.org\/{rel}","templated":true}]}}