{"id":51594,"date":"2021-10-13T00:40:22","date_gmt":"2021-10-13T00:40:22","guid":{"rendered":"https:\/\/www.deberes.net\/tesis\/sin-categoria\/san-pedro-de-la-nave-estudio-historico-y-arqueologico-de-la-iglesia-visigoda\/"},"modified":"2021-10-13T00:40:22","modified_gmt":"2021-10-13T00:40:22","slug":"san-pedro-de-la-nave-estudio-historico-y-arqueologico-de-la-iglesia-visigoda","status":"publish","type":"post","link":"https:\/\/www.deberes.net\/tesis\/historia\/san-pedro-de-la-nave-estudio-historico-y-arqueologico-de-la-iglesia-visigoda\/","title":{"rendered":"San pedro de la nave. estudio historico y arqueologico de la iglesia visigoda."},"content":{"rendered":"<h2>Tesis doctoral de <strong> Ramon Corzo Sanchez <\/strong><\/h2>\n<p>Es la recopilacion de datos y fotografias sobre el traslado de esta iglesia en 1930 y ha permitido analizar dentro del contexto historico la evolucion del proceso constructivo en el que pueden diferenciarse tres fases de epoca visigoda y una mozarabe  de las que ha resultado el aspecto actual. A traves de una nueva planimetria han podido comprobarse los errores del primer trazado y las modificciones introducidas para corregirlos &#8230; Un nuevo equipo de artifices. Este proceso tiene paralelos muy proximos en historias locales como la vida de san valerio del bierzo.<\/p>\n<p>&nbsp;<\/p>\n<h3>Datos acad\u00e9micos de la tesis doctoral \u00ab<strong>San pedro de la nave. estudio historico y arqueologico de la iglesia visigoda.<\/strong>\u00ab<\/h3>\n<ul>\n<li><strong>T\u00edtulo de la tesis:<\/strong>\u00a0 San pedro de la nave. estudio historico y arqueologico de la iglesia visigoda. <\/li>\n<li><strong>Autor:<\/strong>\u00a0 Ramon Corzo Sanchez <\/li>\n<li><strong>Universidad:<\/strong>\u00a0 Sevilla<\/li>\n<li><strong>Fecha de lectura de la tesis:<\/strong>\u00a0 01\/01\/1983<\/li>\n<\/ul>\n<p>&nbsp;<\/p>\n<h3>Direcci\u00f3n y tribunal<\/h3>\n<ul>\n<li><strong>Director de la tesis<\/strong>\n<ul>\n<li>Antonio Blanco Freijeiro<\/li>\n<\/ul>\n<\/li>\n<li><strong>Tribunal<\/strong>\n<ul>\n<li>Presidente del tribunal: Antonio Blanco Freijeiro <\/li>\n<li> Presedo Velo Francisco Jos\u00e9 (vocal)<\/li>\n<li>Manuel Pellicer Catalan (vocal)<\/li>\n<li>Jos\u00e9 Mar\u00eda Bl\u00e1zquez Mart\u00ednez (vocal)<\/li>\n<\/ul>\n<\/li>\n<\/ul>\n<p>&nbsp;<\/p>\n","protected":false},"excerpt":{"rendered":"<p>Tesis doctoral de Ramon Corzo Sanchez Es la recopilacion de datos y fotografias sobre el traslado de esta iglesia en [&hellip;]<\/p>\n","protected":false},"author":1,"featured_media":0,"comment_status":"open","ping_status":"open","sticky":false,"template":"","format":"standard","meta":{"site-sidebar-layout":"default","site-content-layout":"","ast-site-content-layout":"","site-content-style":"default","site-sidebar-style":"default","ast-global-header-display":"","ast-banner-title-visibility":"","ast-main-header-display":"","ast-hfb-above-header-display":"","ast-hfb-below-header-display":"","ast-hfb-mobile-header-display":"","site-post-title":"","ast-breadcrumbs-content":"","ast-featured-img":"","footer-sml-layout":"","theme-transparent-header-meta":"","adv-header-id-meta":"","stick-header-meta":"","header-above-stick-meta":"","header-main-stick-meta":"","header-below-stick-meta":"","astra-migrate-meta-layouts":"default","ast-page-background-enabled":"default","ast-page-background-meta":{"desktop":{"background-color":"var(--ast-global-color-4)","background-image":"","background-repeat":"repeat","background-position":"center center","background-size":"auto","background-attachment":"scroll","background-type":"","background-media":"","overlay-type":"","overlay-color":"","overlay-gradient":""},"tablet":{"background-color":"","background-image":"","background-repeat":"repeat","background-position":"center center","background-size":"auto","background-attachment":"scroll","background-type":"","background-media":"","overlay-type":"","overlay-color":"","overlay-gradient":""},"mobile":{"background-color":"","background-image":"","background-repeat":"repeat","background-position":"center center","background-size":"auto","background-attachment":"scroll","background-type":"","background-media":"","overlay-type":"","overlay-color":"","overlay-gradient":""}},"ast-content-background-meta":{"desktop":{"background-color":"var(--ast-global-color-5)","background-image":"","background-repeat":"repeat","background-position":"center center","background-size":"auto","background-attachment":"scroll","background-type":"","background-media":"","overlay-type":"","overlay-color":"","overlay-gradient":""},"tablet":{"background-color":"var(--ast-global-color-5)","background-image":"","background-repeat":"repeat","background-position":"center center","background-size":"auto","background-attachment":"scroll","background-type":"","background-media":"","overlay-type":"","overlay-color":"","overlay-gradient":""},"mobile":{"background-color":"var(--ast-global-color-5)","background-image":"","background-repeat":"repeat","background-position":"center center","background-size":"auto","background-attachment":"scroll","background-type":"","background-media":"","overlay-type":"","overlay-color":"","overlay-gradient":""}},"footnotes":""},"categories":[1623,1624,104,1014,222,10715],"tags":[107641,575,78712,11031,34755],"class_list":["post-51594","post","type-post","status-publish","format-standard","hentry","category-arqueologia","category-ciencias-auxiliares-de-la-historia","category-historia","category-historia-del-arte","category-historias-especializadas","category-sevilla","tag-antonio-blanco-freijeiro","tag-jose-maria-blazquez-Martinez","tag-manuel-pellicer-catalan","tag-presedo-velo-francisco-jose","tag-ramon-corzo-sanchez"],"_links":{"self":[{"href":"https:\/\/www.deberes.net\/tesis\/wp-json\/wp\/v2\/posts\/51594","targetHints":{"allow":["GET"]}}],"collection":[{"href":"https:\/\/www.deberes.net\/tesis\/wp-json\/wp\/v2\/posts"}],"about":[{"href":"https:\/\/www.deberes.net\/tesis\/wp-json\/wp\/v2\/types\/post"}],"author":[{"embeddable":true,"href":"https:\/\/www.deberes.net\/tesis\/wp-json\/wp\/v2\/users\/1"}],"replies":[{"embeddable":true,"href":"https:\/\/www.deberes.net\/tesis\/wp-json\/wp\/v2\/comments?post=51594"}],"version-history":[{"count":0,"href":"https:\/\/www.deberes.net\/tesis\/wp-json\/wp\/v2\/posts\/51594\/revisions"}],"wp:attachment":[{"href":"https:\/\/www.deberes.net\/tesis\/wp-json\/wp\/v2\/media?parent=51594"}],"wp:term":[{"taxonomy":"category","embeddable":true,"href":"https:\/\/www.deberes.net\/tesis\/wp-json\/wp\/v2\/categories?post=51594"},{"taxonomy":"post_tag","embeddable":true,"href":"https:\/\/www.deberes.net\/tesis\/wp-json\/wp\/v2\/tags?post=51594"}],"curies":[{"name":"wp","href":"https:\/\/api.w.org\/{rel}","templated":true}]}}