{"id":51717,"date":"2021-11-03T09:43:15","date_gmt":"2021-11-03T09:43:15","guid":{"rendered":"https:\/\/www.deberes.net\/tesis\/sin-categoria\/la-etnologia-de-la-primera-infancia-en-la-region-valenciana\/"},"modified":"2021-11-03T09:43:15","modified_gmt":"2021-11-03T09:43:15","slug":"la-etnologia-de-la-primera-infancia-en-la-region-valenciana","status":"publish","type":"post","link":"https:\/\/www.deberes.net\/tesis\/ciencias-de-la-vida\/la-etnologia-de-la-primera-infancia-en-la-region-valenciana\/","title":{"rendered":"La etnolog\u00eda de la primera infancia en la region Valenciana."},"content":{"rendered":"<h2>Tesis doctoral de <strong>  Garcia La Torre M. Pilar <\/strong><\/h2>\n<p>Recoge la etnografia de la primera infancia en la region Valenciana desde mediados del siglo xix al xx. Se describen las tradiciones en cada una de las provincias repartidas por sus comarcas como unidad de convivencia.  este estudioo etnografico nos lleva a consideraciones etnologicas que se hacen como parte final en cada capitulo  como consecuencia de las reglas de comportamiento donde se trata de ver las regularidades que en estos aspectos se producen  como normas de conducta y actividades sociales en las distintas areas geograficas o culturales de la region Valenciana del litoral y huerta  secano y monta\u00f1a. Se ha estudiado desde el periodo de gestacion al nacimiento  el indumento alimentacion  la habitacion  el transporte. La sociolog\u00eda del bautismo y fiestas infantiles. En la parte animologica se habla del lenguaje  asi como el aprendizaje de las primeras palabras  juegos  etc. La ciencia popular con sus creencias y supersticiones completan este apartado. La funebria infantil  con caracter muy peculiares  el rito del velatori  del que se hace un extenso estudio pone fin al trabajo.<\/p>\n<p>&nbsp;<\/p>\n<h3>Datos acad\u00e9micos de la tesis doctoral \u00ab<strong>La etnolog\u00eda de la primera infancia en la region Valenciana.<\/strong>\u00ab<\/h3>\n<ul>\n<li><strong>T\u00edtulo de la tesis:<\/strong>\u00a0 La etnolog\u00eda de la primera infancia en la region Valenciana. <\/li>\n<li><strong>Autor:<\/strong>\u00a0  Garcia La Torre M. Pilar <\/li>\n<li><strong>Universidad:<\/strong>\u00a0 Universitat de val\u00e9ncia (estudi general)<\/li>\n<li><strong>Fecha de lectura de la tesis:<\/strong>\u00a0 01\/01\/1983<\/li>\n<\/ul>\n<p>&nbsp;<\/p>\n<h3>Direcci\u00f3n y tribunal<\/h3>\n<ul>\n<li><strong>Director de la tesis<\/strong>\n<ul>\n<li> San Valero Aparisi Julian<\/li>\n<\/ul>\n<\/li>\n<li><strong>Tribunal<\/strong>\n<ul>\n<li>Presidente del tribunal:  San Valero Aparisi Julian <\/li>\n<li>Leon Esteban Mateo (vocal)<\/li>\n<li> Lopez Pi\u00f1ero Jos\u00e9 Mar\u00eda (vocal)<\/li>\n<li>Violeta Montoliu Soler (vocal)<\/li>\n<\/ul>\n<\/li>\n<\/ul>\n<p>&nbsp;<\/p>\n","protected":false},"excerpt":{"rendered":"<p>Tesis doctoral de Garcia La Torre M. Pilar Recoge la etnografia de la primera infancia en la region Valenciana desde [&hellip;]<\/p>\n","protected":false},"author":1,"featured_media":0,"comment_status":"open","ping_status":"open","sticky":false,"template":"","format":"standard","meta":{"site-sidebar-layout":"default","site-content-layout":"","ast-site-content-layout":"","site-content-style":"default","site-sidebar-style":"default","ast-global-header-display":"","ast-banner-title-visibility":"","ast-main-header-display":"","ast-hfb-above-header-display":"","ast-hfb-below-header-display":"","ast-hfb-mobile-header-display":"","site-post-title":"","ast-breadcrumbs-content":"","ast-featured-img":"","footer-sml-layout":"","theme-transparent-header-meta":"","adv-header-id-meta":"","stick-header-meta":"","header-above-stick-meta":"","header-main-stick-meta":"","header-below-stick-meta":"","astra-migrate-meta-layouts":"default","ast-page-background-enabled":"default","ast-page-background-meta":{"desktop":{"background-color":"var(--ast-global-color-4)","background-image":"","background-repeat":"repeat","background-position":"center center","background-size":"auto","background-attachment":"scroll","background-type":"","background-media":"","overlay-type":"","overlay-color":"","overlay-gradient":""},"tablet":{"background-color":"","background-image":"","background-repeat":"repeat","background-position":"center center","background-size":"auto","background-attachment":"scroll","background-type":"","background-media":"","overlay-type":"","overlay-color":"","overlay-gradient":""},"mobile":{"background-color":"","background-image":"","background-repeat":"repeat","background-position":"center center","background-size":"auto","background-attachment":"scroll","background-type":"","background-media":"","overlay-type":"","overlay-color":"","overlay-gradient":""}},"ast-content-background-meta":{"desktop":{"background-color":"var(--ast-global-color-5)","background-image":"","background-repeat":"repeat","background-position":"center center","background-size":"auto","background-attachment":"scroll","background-type":"","background-media":"","overlay-type":"","overlay-color":"","overlay-gradient":""},"tablet":{"background-color":"var(--ast-global-color-5)","background-image":"","background-repeat":"repeat","background-position":"center center","background-size":"auto","background-attachment":"scroll","background-type":"","background-media":"","overlay-type":"","overlay-color":"","overlay-gradient":""},"mobile":{"background-color":"var(--ast-global-color-5)","background-image":"","background-repeat":"repeat","background-position":"center center","background-size":"auto","background-attachment":"scroll","background-type":"","background-media":"","overlay-type":"","overlay-color":"","overlay-gradient":""}},"footnotes":""},"categories":[922,35,56778,104,639,2224],"tags":[115509,10155,11479,108330,75419],"class_list":["post-51717","post","type-post","status-publish","format-standard","hentry","category-antropologia-fisica","category-ciencias-de-la-vida","category-etnologia","category-historia","category-historia-de-paises","category-historia-local","tag-garcia-la-torre-m-pilar","tag-leon-esteban-mateo","tag-lopez-pinero-jose-maria","tag-san-valero-aparisi-julian","tag-violeta-montoliu-soler"],"_links":{"self":[{"href":"https:\/\/www.deberes.net\/tesis\/wp-json\/wp\/v2\/posts\/51717","targetHints":{"allow":["GET"]}}],"collection":[{"href":"https:\/\/www.deberes.net\/tesis\/wp-json\/wp\/v2\/posts"}],"about":[{"href":"https:\/\/www.deberes.net\/tesis\/wp-json\/wp\/v2\/types\/post"}],"author":[{"embeddable":true,"href":"https:\/\/www.deberes.net\/tesis\/wp-json\/wp\/v2\/users\/1"}],"replies":[{"embeddable":true,"href":"https:\/\/www.deberes.net\/tesis\/wp-json\/wp\/v2\/comments?post=51717"}],"version-history":[{"count":0,"href":"https:\/\/www.deberes.net\/tesis\/wp-json\/wp\/v2\/posts\/51717\/revisions"}],"wp:attachment":[{"href":"https:\/\/www.deberes.net\/tesis\/wp-json\/wp\/v2\/media?parent=51717"}],"wp:term":[{"taxonomy":"category","embeddable":true,"href":"https:\/\/www.deberes.net\/tesis\/wp-json\/wp\/v2\/categories?post=51717"},{"taxonomy":"post_tag","embeddable":true,"href":"https:\/\/www.deberes.net\/tesis\/wp-json\/wp\/v2\/tags?post=51717"}],"curies":[{"name":"wp","href":"https:\/\/api.w.org\/{rel}","templated":true}]}}