{"id":52350,"date":"2022-02-14T23:33:45","date_gmt":"2022-02-14T23:33:45","guid":{"rendered":"https:\/\/www.deberes.net\/tesis\/sin-categoria\/la-idea-de-nacio-en-el-pensament-politic-catala-1939-1979\/"},"modified":"2022-02-14T23:33:45","modified_gmt":"2022-02-14T23:33:45","slug":"la-idea-de-nacio-en-el-pensament-politic-catala-1939-1979","status":"publish","type":"post","link":"https:\/\/www.deberes.net\/tesis\/historia\/la-idea-de-nacio-en-el-pensament-politic-catala-1939-1979\/","title":{"rendered":"La idea de nacio en el pensament politic catala (1939-1979)."},"content":{"rendered":"<h2>Tesis doctoral de <strong> Josep Mar\u00eda Colomer Calsina <\/strong><\/h2>\n<p>El objetivo del trabajo es presentar  debidamente ordenada y criticada  una seleccion de textos politicos sobre la idea de nacion producidos en catalu\u00f1a entre el final de la guerra civil y la aprobacion de un nuevo estatuto de autonomia en el posfranquismo. Tras una introduccion teorica y otra de antecedentes historicos la exposicion se divide en dos partes. En la primera  de posguerra  las ideas del espa\u00f1olismo franquista  del catalanismo republicano y del catalanismo regionalista son en gran parte una reelaboracion de las del periodo prebelico. Desde mediados de los a\u00f1os cincuenta hay  en cambio  una notable renovacion intelectual  en gran parte a traves de la nueva historiografia  y se abren nuevas cuestiones en debate  particularmente la inmigracion. El catalanismo catolico y el catalanismo marxista estructuran en esta epoca la recomposicion de las dos grandes corrientes de pensamiento: nacionalista y federal. El espa\u00f1olismo franquista entra en crisis y surge un minoritario independentismo. El trabajo termina con un analisis del proyecto politico nacional plasmado en la constitucion espa\u00f1ola de 1978  de marcada influencia catalana  y en el estatuto de autonomia de catalu\u00f1a de 1979. Siguen las conclusiones  asi como las notas y la rese\u00f1a de la bibliografia consultada.<\/p>\n<p>&nbsp;<\/p>\n<h3>Datos acad\u00e9micos de la tesis doctoral \u00ab<strong>La idea de nacio en el pensament politic catala (1939-1979).<\/strong>\u00ab<\/h3>\n<ul>\n<li><strong>T\u00edtulo de la tesis:<\/strong>\u00a0 La idea de nacio en el pensament politic catala (1939-1979). <\/li>\n<li><strong>Autor:<\/strong>\u00a0 Josep Mar\u00eda Colomer Calsina <\/li>\n<li><strong>Universidad:<\/strong>\u00a0 Barcelona<\/li>\n<li><strong>Fecha de lectura de la tesis:<\/strong>\u00a0 01\/01\/1984<\/li>\n<\/ul>\n<p>&nbsp;<\/p>\n<h3>Direcci\u00f3n y tribunal<\/h3>\n<ul>\n<li><strong>Director de la tesis<\/strong>\n<ul>\n<li> Gonzalez Casanova Jos\u00e9 Antonio<\/li>\n<\/ul>\n<\/li>\n<li><strong>Tribunal<\/strong>\n<ul>\n<li>Presidente del tribunal:  Gonzalez Casanova  Jos\u00e9 Antonio <\/li>\n<li>Jordi Sole Tura (vocal)<\/li>\n<li>Fabian Estape Rodriguez (vocal)<\/li>\n<li>Isidre Molas Batllori (vocal)<\/li>\n<\/ul>\n<\/li>\n<\/ul>\n<p>&nbsp;<\/p>\n","protected":false},"excerpt":{"rendered":"<p>Tesis doctoral de Josep Mar\u00eda Colomer Calsina El objetivo del trabajo es presentar debidamente ordenada y criticada una seleccion de [&hellip;]<\/p>\n","protected":false},"author":1,"featured_media":0,"comment_status":"open","ping_status":"open","sticky":false,"template":"","format":"standard","meta":{"site-sidebar-layout":"default","site-content-layout":"","ast-site-content-layout":"","site-content-style":"default","site-sidebar-style":"default","ast-global-header-display":"","ast-banner-title-visibility":"","ast-main-header-display":"","ast-hfb-above-header-display":"","ast-hfb-below-header-display":"","ast-hfb-mobile-header-display":"","site-post-title":"","ast-breadcrumbs-content":"","ast-featured-img":"","footer-sml-layout":"","theme-transparent-header-meta":"","adv-header-id-meta":"","stick-header-meta":"","header-above-stick-meta":"","header-main-stick-meta":"","header-below-stick-meta":"","astra-migrate-meta-layouts":"default","ast-page-background-enabled":"default","ast-page-background-meta":{"desktop":{"background-color":"var(--ast-global-color-4)","background-image":"","background-repeat":"repeat","background-position":"center center","background-size":"auto","background-attachment":"scroll","background-type":"","background-media":"","overlay-type":"","overlay-color":"","overlay-gradient":""},"tablet":{"background-color":"","background-image":"","background-repeat":"repeat","background-position":"center center","background-size":"auto","background-attachment":"scroll","background-type":"","background-media":"","overlay-type":"","overlay-color":"","overlay-gradient":""},"mobile":{"background-color":"","background-image":"","background-repeat":"repeat","background-position":"center center","background-size":"auto","background-attachment":"scroll","background-type":"","background-media":"","overlay-type":"","overlay-color":"","overlay-gradient":""}},"ast-content-background-meta":{"desktop":{"background-color":"var(--ast-global-color-5)","background-image":"","background-repeat":"repeat","background-position":"center center","background-size":"auto","background-attachment":"scroll","background-type":"","background-media":"","overlay-type":"","overlay-color":"","overlay-gradient":""},"tablet":{"background-color":"var(--ast-global-color-5)","background-image":"","background-repeat":"repeat","background-position":"center center","background-size":"auto","background-attachment":"scroll","background-type":"","background-media":"","overlay-type":"","overlay-color":"","overlay-gradient":""},"mobile":{"background-color":"var(--ast-global-color-5)","background-image":"","background-repeat":"repeat","background-position":"center center","background-size":"auto","background-attachment":"scroll","background-type":"","background-media":"","overlay-type":"","overlay-color":"","overlay-gradient":""}},"footnotes":""},"categories":[951,48676,104,3538,222,269,2232],"tags":[18356,91636,1025,1452,24383],"class_list":["post-52350","post","type-post","status-publish","format-standard","hentry","category-barcelona","category-civilizaciones-y-caracteres-nacionales","category-historia","category-historia-de-las-ideas-politicas","category-historias-especializadas","category-sociologia","category-sociologia-cultural","tag-fabian-estape-rodriguez","tag-gonzalez-casanova-jose-antonio","tag-isidre-molas-batllori","tag-jordi-sole-tura","tag-josep-maria-colomer-calsina"],"_links":{"self":[{"href":"https:\/\/www.deberes.net\/tesis\/wp-json\/wp\/v2\/posts\/52350","targetHints":{"allow":["GET"]}}],"collection":[{"href":"https:\/\/www.deberes.net\/tesis\/wp-json\/wp\/v2\/posts"}],"about":[{"href":"https:\/\/www.deberes.net\/tesis\/wp-json\/wp\/v2\/types\/post"}],"author":[{"embeddable":true,"href":"https:\/\/www.deberes.net\/tesis\/wp-json\/wp\/v2\/users\/1"}],"replies":[{"embeddable":true,"href":"https:\/\/www.deberes.net\/tesis\/wp-json\/wp\/v2\/comments?post=52350"}],"version-history":[{"count":0,"href":"https:\/\/www.deberes.net\/tesis\/wp-json\/wp\/v2\/posts\/52350\/revisions"}],"wp:attachment":[{"href":"https:\/\/www.deberes.net\/tesis\/wp-json\/wp\/v2\/media?parent=52350"}],"wp:term":[{"taxonomy":"category","embeddable":true,"href":"https:\/\/www.deberes.net\/tesis\/wp-json\/wp\/v2\/categories?post=52350"},{"taxonomy":"post_tag","embeddable":true,"href":"https:\/\/www.deberes.net\/tesis\/wp-json\/wp\/v2\/tags?post=52350"}],"curies":[{"name":"wp","href":"https:\/\/api.w.org\/{rel}","templated":true}]}}