{"id":526,"date":"1994-01-01T00:00:00","date_gmt":"1994-01-01T00:00:00","guid":{"rendered":"https:\/\/www.deberes.net\/tesis\/1994\/01\/01\/la-problematica-de-los-adverbios-en-mente\/"},"modified":"1994-01-01T00:00:00","modified_gmt":"1994-01-01T00:00:00","slug":"la-problematica-de-los-adverbios-en-mente","status":"publish","type":"post","link":"https:\/\/www.deberes.net\/tesis\/linguistica\/la-problematica-de-los-adverbios-en-mente\/","title":{"rendered":"La problematica de los adverbios en -mente."},"content":{"rendered":"<h2>Tesis doctoral de <strong> Francisco Alvarez Alvarez <\/strong><\/h2>\n<p>1. Los adverbios son, categorialmente, adjetivos, porque -mente, al no ser un sustantivo, ni un morfema derivativo (ni flexivo), no puede cambiar de categoria al adjetivo que se adjunta: -mente es un morfema que solo tiene como funcion neutralizar los morfemas nominales (no propios) del adjetivo. 2) con ello se establece la dicotomia \u00abadjetivos concordados\/adjetivos no-concordados\u00bb, suficiente para modificar, en distribucion complementaria, a los sustantivos y a los no-sustantivos (verbos y adjetivos). 3) por tanto, el adverbio solo califica, gramaticalmente, al verbo (o a otro adjetivo), y nunca al sujeto, al cd, al ci, etc. Del mismo modo, los predicativos tampoco pueden calificar paradverbialmente al verbo de la oracion. 4) otras conclusiones: a) los adverbios pueden modificar cualitativamente -y no solo intensivamente &#8211; a otros adjetivos. B) los adverbios cortos pueden figurar, en determinadas condiciones, en oraciones con cd. C) para que un adjetivo tenga usos adverbiales, este ha de ser, necesariamente, esivo no-relacional, y carecer de cualquier tipo de determinacion: ser perfectivo, +abstracto&#8230; No es imprescindible. D) el modo pertenece al significado unitario de los verbos (incluidos los estativos, menos ser y estar), y no es un complemento opcional en los esquemas oracionales.<\/p>\n<p>&nbsp;<\/p>\n<h3>Datos acad\u00e9micos de la tesis doctoral \u00ab<strong>La problematica de los adverbios en -mente.<\/strong>\u00ab<\/h3>\n<ul>\n<li><strong>T\u00edtulo de la tesis:<\/strong>\u00a0 La problematica de los adverbios en -mente. <\/li>\n<li><strong>Autor:<\/strong>\u00a0 Francisco Alvarez Alvarez <\/li>\n<li><strong>Universidad:<\/strong>\u00a0 C\u00e1diz<\/li>\n<li><strong>Fecha de lectura de la tesis:<\/strong>\u00a0 01\/01\/1994<\/li>\n<\/ul>\n<p>&nbsp;<\/p>\n<h3>Direcci\u00f3n y tribunal<\/h3>\n<ul>\n<li><strong>Director de la tesis<\/strong>\n<ul>\n<li>Valerio Baez Sanjose<\/li>\n<\/ul>\n<\/li>\n<li><strong>Tribunal<\/strong>\n<ul>\n<li>Presidente del tribunal: \u00e1ngel L\u00f3pez Garc\u00eda <\/li>\n<li>Miguel Casas G\u00f3mez (vocal)<\/li>\n<li> De Molina Redondo  Jos\u00e9 Andr\u00e9s (vocal)<\/li>\n<li>Inmaculada Penad\u00e9s Mart\u00ednez (vocal)<\/li>\n<\/ul>\n<\/li>\n<\/ul>\n<p>&nbsp;<\/p>\n","protected":false},"excerpt":{"rendered":"<p>Tesis doctoral de Francisco Alvarez Alvarez 1. Los adverbios son, categorialmente, adjetivos, porque -mente, al no ser un sustantivo, ni [&hellip;]<\/p>\n","protected":false},"author":1,"featured_media":0,"comment_status":"open","ping_status":"open","sticky":false,"template":"","format":"standard","meta":{"site-sidebar-layout":"default","site-content-layout":"","ast-site-content-layout":"","site-content-style":"default","site-sidebar-style":"default","ast-global-header-display":"","ast-banner-title-visibility":"","ast-main-header-display":"","ast-hfb-above-header-display":"","ast-hfb-below-header-display":"","ast-hfb-mobile-header-display":"","site-post-title":"","ast-breadcrumbs-content":"","ast-featured-img":"","footer-sml-layout":"","theme-transparent-header-meta":"","adv-header-id-meta":"","stick-header-meta":"","header-above-stick-meta":"","header-main-stick-meta":"","header-below-stick-meta":"","astra-migrate-meta-layouts":"default","ast-page-background-enabled":"default","ast-page-background-meta":{"desktop":{"background-color":"var(--ast-global-color-4)","background-image":"","background-repeat":"repeat","background-position":"center center","background-size":"auto","background-attachment":"scroll","background-type":"","background-media":"","overlay-type":"","overlay-color":"","overlay-gradient":""},"tablet":{"background-color":"","background-image":"","background-repeat":"repeat","background-position":"center center","background-size":"auto","background-attachment":"scroll","background-type":"","background-media":"","overlay-type":"","overlay-color":"","overlay-gradient":""},"mobile":{"background-color":"","background-image":"","background-repeat":"repeat","background-position":"center center","background-size":"auto","background-attachment":"scroll","background-type":"","background-media":"","overlay-type":"","overlay-color":"","overlay-gradient":""}},"ast-content-background-meta":{"desktop":{"background-color":"var(--ast-global-color-5)","background-image":"","background-repeat":"repeat","background-position":"center center","background-size":"auto","background-attachment":"scroll","background-type":"","background-media":"","overlay-type":"","overlay-color":"","overlay-gradient":""},"tablet":{"background-color":"var(--ast-global-color-5)","background-image":"","background-repeat":"repeat","background-position":"center center","background-size":"auto","background-attachment":"scroll","background-type":"","background-media":"","overlay-type":"","overlay-color":"","overlay-gradient":""},"mobile":{"background-color":"var(--ast-global-color-5)","background-image":"","background-repeat":"repeat","background-position":"center center","background-size":"auto","background-attachment":"scroll","background-type":"","background-media":"","overlay-type":"","overlay-color":"","overlay-gradient":""}},"footnotes":""},"categories":[1506,59,62,409],"tags":[1515,1517,1513,1518,1516,1514],"class_list":["post-526","post","type-post","status-publish","format-standard","hentry","category-cadiz","category-linguistica","category-linguistica-sincronica","category-sintaxis-y-analisis-sintactico","tag-angel-lopez-garcia","tag-de-molina-redondo-jose-andres","tag-francisco-alvarez-alvarez","tag-inmaculada-penades-Martinez","tag-miguel-casas-gomez","tag-valerio-baez-sanjose"],"_links":{"self":[{"href":"https:\/\/www.deberes.net\/tesis\/wp-json\/wp\/v2\/posts\/526","targetHints":{"allow":["GET"]}}],"collection":[{"href":"https:\/\/www.deberes.net\/tesis\/wp-json\/wp\/v2\/posts"}],"about":[{"href":"https:\/\/www.deberes.net\/tesis\/wp-json\/wp\/v2\/types\/post"}],"author":[{"embeddable":true,"href":"https:\/\/www.deberes.net\/tesis\/wp-json\/wp\/v2\/users\/1"}],"replies":[{"embeddable":true,"href":"https:\/\/www.deberes.net\/tesis\/wp-json\/wp\/v2\/comments?post=526"}],"version-history":[{"count":0,"href":"https:\/\/www.deberes.net\/tesis\/wp-json\/wp\/v2\/posts\/526\/revisions"}],"wp:attachment":[{"href":"https:\/\/www.deberes.net\/tesis\/wp-json\/wp\/v2\/media?parent=526"}],"wp:term":[{"taxonomy":"category","embeddable":true,"href":"https:\/\/www.deberes.net\/tesis\/wp-json\/wp\/v2\/categories?post=526"},{"taxonomy":"post_tag","embeddable":true,"href":"https:\/\/www.deberes.net\/tesis\/wp-json\/wp\/v2\/tags?post=526"}],"curies":[{"name":"wp","href":"https:\/\/api.w.org\/{rel}","templated":true}]}}