{"id":52663,"date":"2022-04-06T04:11:37","date_gmt":"2022-04-06T04:11:37","guid":{"rendered":"https:\/\/www.deberes.net\/tesis\/sin-categoria\/la-arquitectura-del-manierismo-en-la-provincia-de-guadalajara-1532-1635\/"},"modified":"2022-04-06T04:11:37","modified_gmt":"2022-04-06T04:11:37","slug":"la-arquitectura-del-manierismo-en-la-provincia-de-guadalajara-1532-1635","status":"publish","type":"post","link":"https:\/\/www.deberes.net\/tesis\/historia\/la-arquitectura-del-manierismo-en-la-provincia-de-guadalajara-1532-1635\/","title":{"rendered":"La arquitectura del manierismo en la provincia de guadalajara (1532-1635)."},"content":{"rendered":"<h2>Tesis doctoral de <strong>  Mu\u00f1oz Jimenez Jos\u00e9 Miguel <\/strong><\/h2>\n<p>Partiendo de la hipotesis de que la arquitectura espa\u00f1ola del siglo xvi  tras los intentos italianizantes del plateresco  es estilistica y formalmente manierista -por seguir modelos del manierismo italiano- intentamos demostrar dicha evolucion en la arquitectura de la provincia de guadalajara. Se estudian los problemas del estilo manierista en espa\u00f1a  su tipolog\u00eda y fuentes teoricas. Hacemos las monografias documentales de los arquitectos y principales maestros de obras en guadalajara. Se analizan monograficamente las principales construcciones de siguenza  guadalajara y pastrana.  finalmente publicamos en forma de apendices mas de ciento cincuenta documentos ineditos referentes a obras maestros y contratos para edificar.<\/p>\n<p>&nbsp;<\/p>\n<h3>Datos acad\u00e9micos de la tesis doctoral \u00ab<strong>La arquitectura del manierismo en la provincia de guadalajara (1532-1635).<\/strong>\u00ab<\/h3>\n<ul>\n<li><strong>T\u00edtulo de la tesis:<\/strong>\u00a0 La arquitectura del manierismo en la provincia de guadalajara (1532-1635). <\/li>\n<li><strong>Autor:<\/strong>\u00a0  Mu\u00f1oz Jimenez Jos\u00e9 Miguel <\/li>\n<li><strong>Universidad:<\/strong>\u00a0 Complutense de Madrid<\/li>\n<li><strong>Fecha de lectura de la tesis:<\/strong>\u00a0 01\/01\/1984<\/li>\n<\/ul>\n<p>&nbsp;<\/p>\n<h3>Direcci\u00f3n y tribunal<\/h3>\n<ul>\n<li><strong>Director de la tesis<\/strong>\n<ul>\n<li>Jos\u00e9 Mar\u00eda Azcarate Ristori<\/li>\n<\/ul>\n<\/li>\n<li><strong>Tribunal<\/strong>\n<ul>\n<li>Presidente del tribunal: Jos\u00e9 Mar\u00eda Azcarate Ristori <\/li>\n<li> Nieto Alcaide  Victor Manuel (vocal)<\/li>\n<li>Antonio Bonet Correa (vocal)<\/li>\n<li>Francisco Jos\u00e9 Portela Sandoval (vocal)<\/li>\n<\/ul>\n<\/li>\n<\/ul>\n<p>&nbsp;<\/p>\n","protected":false},"excerpt":{"rendered":"<p>Tesis doctoral de Mu\u00f1oz Jimenez Jos\u00e9 Miguel Partiendo de la hipotesis de que la arquitectura espa\u00f1ola del siglo xvi tras [&hellip;]<\/p>\n","protected":false},"author":1,"featured_media":0,"comment_status":"open","ping_status":"open","sticky":false,"template":"","format":"standard","meta":{"site-sidebar-layout":"default","site-content-layout":"","ast-site-content-layout":"","site-content-style":"default","site-sidebar-style":"default","ast-global-header-display":"","ast-banner-title-visibility":"","ast-main-header-display":"","ast-hfb-above-header-display":"","ast-hfb-below-header-display":"","ast-hfb-mobile-header-display":"","site-post-title":"","ast-breadcrumbs-content":"","ast-featured-img":"","footer-sml-layout":"","theme-transparent-header-meta":"","adv-header-id-meta":"","stick-header-meta":"","header-above-stick-meta":"","header-main-stick-meta":"","header-below-stick-meta":"","astra-migrate-meta-layouts":"default","ast-page-background-enabled":"default","ast-page-background-meta":{"desktop":{"background-color":"var(--ast-global-color-4)","background-image":"","background-repeat":"repeat","background-position":"center center","background-size":"auto","background-attachment":"scroll","background-type":"","background-media":"","overlay-type":"","overlay-color":"","overlay-gradient":""},"tablet":{"background-color":"","background-image":"","background-repeat":"repeat","background-position":"center center","background-size":"auto","background-attachment":"scroll","background-type":"","background-media":"","overlay-type":"","overlay-color":"","overlay-gradient":""},"mobile":{"background-color":"","background-image":"","background-repeat":"repeat","background-position":"center center","background-size":"auto","background-attachment":"scroll","background-type":"","background-media":"","overlay-type":"","overlay-color":"","overlay-gradient":""}},"ast-content-background-meta":{"desktop":{"background-color":"var(--ast-global-color-5)","background-image":"","background-repeat":"repeat","background-position":"center center","background-size":"auto","background-attachment":"scroll","background-type":"","background-media":"","overlay-type":"","overlay-color":"","overlay-gradient":""},"tablet":{"background-color":"var(--ast-global-color-5)","background-image":"","background-repeat":"repeat","background-position":"center center","background-size":"auto","background-attachment":"scroll","background-type":"","background-media":"","overlay-type":"","overlay-color":"","overlay-gradient":""},"mobile":{"background-color":"var(--ast-global-color-5)","background-image":"","background-repeat":"repeat","background-position":"center center","background-size":"auto","background-attachment":"scroll","background-type":"","background-media":"","overlay-type":"","overlay-color":"","overlay-gradient":""}},"footnotes":""},"categories":[104,1745,222],"tags":[7416,5884,109025,76806,5273],"class_list":["post-52663","post","type-post","status-publish","format-standard","hentry","category-historia","category-historia-de-la-arquitectura","category-historias-especializadas","tag-antonio-bonet-correa","tag-francisco-jose-portela-sandoval","tag-jose-maria-azcarate-ristori","tag-munoz-jimenez-jose-miguel","tag-nieto-alcaide-victor-manuel"],"_links":{"self":[{"href":"https:\/\/www.deberes.net\/tesis\/wp-json\/wp\/v2\/posts\/52663","targetHints":{"allow":["GET"]}}],"collection":[{"href":"https:\/\/www.deberes.net\/tesis\/wp-json\/wp\/v2\/posts"}],"about":[{"href":"https:\/\/www.deberes.net\/tesis\/wp-json\/wp\/v2\/types\/post"}],"author":[{"embeddable":true,"href":"https:\/\/www.deberes.net\/tesis\/wp-json\/wp\/v2\/users\/1"}],"replies":[{"embeddable":true,"href":"https:\/\/www.deberes.net\/tesis\/wp-json\/wp\/v2\/comments?post=52663"}],"version-history":[{"count":0,"href":"https:\/\/www.deberes.net\/tesis\/wp-json\/wp\/v2\/posts\/52663\/revisions"}],"wp:attachment":[{"href":"https:\/\/www.deberes.net\/tesis\/wp-json\/wp\/v2\/media?parent=52663"}],"wp:term":[{"taxonomy":"category","embeddable":true,"href":"https:\/\/www.deberes.net\/tesis\/wp-json\/wp\/v2\/categories?post=52663"},{"taxonomy":"post_tag","embeddable":true,"href":"https:\/\/www.deberes.net\/tesis\/wp-json\/wp\/v2\/tags?post=52663"}],"curies":[{"name":"wp","href":"https:\/\/api.w.org\/{rel}","templated":true}]}}