{"id":52677,"date":"2022-04-08T09:03:50","date_gmt":"2022-04-08T09:03:50","guid":{"rendered":"https:\/\/www.deberes.net\/tesis\/sin-categoria\/la-prensa-gallega-durante-la-segunda-republica\/"},"modified":"2022-04-08T09:03:50","modified_gmt":"2022-04-08T09:03:50","slug":"la-prensa-gallega-durante-la-segunda-republica","status":"publish","type":"post","link":"https:\/\/www.deberes.net\/tesis\/historia\/la-prensa-gallega-durante-la-segunda-republica\/","title":{"rendered":"La prensa gallega durante la segunda republica."},"content":{"rendered":"<h2>Tesis doctoral de <strong>  Perez Pais M. Carmen <\/strong><\/h2>\n<p>Se demuestra como son los factores economicos  culturales y demograficos de una comunidad los que condicionan las caracteristicas generales de su prensa. Como mas concretamente son las circunstancias politicas y libertades de expresion las que determinan la produccion y pluralidad periodistica y como es una clase social la que controla la prensa diaria. El esquema se aplica a la realidad y a la prensa gallega 1931-1936  descubriendo que ha sido la segunda republica la etapa mas brillante para la prensa gallega. La tesis se divide en una introduccion de caracter historico  un capitulo puente para comprender las connotaciones de la prensa gallega de la republica  en el analisis tipologico de la prensa. Se complementa con un catalogo de la prensa gallega  otro de fichas descriptivas de los periodicos y un tercero de periodistas y colaboradores mas indices y bibliografia..<\/p>\n<p>&nbsp;<\/p>\n<h3>Datos acad\u00e9micos de la tesis doctoral \u00ab<strong>La prensa gallega durante la segunda republica.<\/strong>\u00ab<\/h3>\n<ul>\n<li><strong>T\u00edtulo de la tesis:<\/strong>\u00a0 La prensa gallega durante la segunda republica. <\/li>\n<li><strong>Autor:<\/strong>\u00a0  Perez Pais M. Carmen <\/li>\n<li><strong>Universidad:<\/strong>\u00a0 Complutense de Madrid<\/li>\n<li><strong>Fecha de lectura de la tesis:<\/strong>\u00a0 01\/01\/1984<\/li>\n<\/ul>\n<p>&nbsp;<\/p>\n<h3>Direcci\u00f3n y tribunal<\/h3>\n<ul>\n<li><strong>Director de la tesis<\/strong>\n<ul>\n<li> Garcia Nieto Paris M. Carmen<\/li>\n<\/ul>\n<\/li>\n<li><strong>Tribunal<\/strong>\n<ul>\n<li>Presidente del tribunal: Antonio Fernandez Garcia <\/li>\n<li>Jos\u00e9 Ram\u00f3n Barreiro Fern\u00e1ndez (vocal)<\/li>\n<li>Julio Arostegui Sanchez (vocal)<\/li>\n<li>Jos\u00e9 Altabella Hernandez (vocal)<\/li>\n<\/ul>\n<\/li>\n<\/ul>\n<p>&nbsp;<\/p>\n","protected":false},"excerpt":{"rendered":"<p>Tesis doctoral de Perez Pais M. Carmen Se demuestra como son los factores economicos culturales y demograficos de una comunidad [&hellip;]<\/p>\n","protected":false},"author":1,"featured_media":0,"comment_status":"open","ping_status":"open","sticky":false,"template":"","format":"standard","meta":{"site-sidebar-layout":"default","site-content-layout":"","ast-site-content-layout":"","site-content-style":"default","site-sidebar-style":"default","ast-global-header-display":"","ast-banner-title-visibility":"","ast-main-header-display":"","ast-hfb-above-header-display":"","ast-hfb-below-header-display":"","ast-hfb-mobile-header-display":"","site-post-title":"","ast-breadcrumbs-content":"","ast-featured-img":"","footer-sml-layout":"","theme-transparent-header-meta":"","adv-header-id-meta":"","stick-header-meta":"","header-above-stick-meta":"","header-main-stick-meta":"","header-below-stick-meta":"","astra-migrate-meta-layouts":"default","ast-page-background-enabled":"default","ast-page-background-meta":{"desktop":{"background-color":"var(--ast-global-color-4)","background-image":"","background-repeat":"repeat","background-position":"center center","background-size":"auto","background-attachment":"scroll","background-type":"","background-media":"","overlay-type":"","overlay-color":"","overlay-gradient":""},"tablet":{"background-color":"","background-image":"","background-repeat":"repeat","background-position":"center center","background-size":"auto","background-attachment":"scroll","background-type":"","background-media":"","overlay-type":"","overlay-color":"","overlay-gradient":""},"mobile":{"background-color":"","background-image":"","background-repeat":"repeat","background-position":"center center","background-size":"auto","background-attachment":"scroll","background-type":"","background-media":"","overlay-type":"","overlay-color":"","overlay-gradient":""}},"ast-content-background-meta":{"desktop":{"background-color":"var(--ast-global-color-5)","background-image":"","background-repeat":"repeat","background-position":"center center","background-size":"auto","background-attachment":"scroll","background-type":"","background-media":"","overlay-type":"","overlay-color":"","overlay-gradient":""},"tablet":{"background-color":"var(--ast-global-color-5)","background-image":"","background-repeat":"repeat","background-position":"center center","background-size":"auto","background-attachment":"scroll","background-type":"","background-media":"","overlay-type":"","overlay-color":"","overlay-gradient":""},"mobile":{"background-color":"var(--ast-global-color-5)","background-image":"","background-repeat":"repeat","background-position":"center center","background-size":"auto","background-attachment":"scroll","background-type":"","background-media":"","overlay-type":"","overlay-color":"","overlay-gradient":""}},"footnotes":""},"categories":[104,353,5812,220,222],"tags":[5185,6389,5975,7088,4198,116341],"class_list":["post-52677","post","type-post","status-publish","format-standard","hentry","category-historia","category-historia-contemporanea-del-area-europea","category-historia-del-periodismo","category-historia-por-epocas","category-historias-especializadas","tag-antonio-fernandez-garcia","tag-garcia-nieto-paris-m-carmen","tag-jose-altabella-hernandez","tag-jose-ramon-barreiro-fernandez","tag-julio-arostegui-sanchez","tag-perez-pais-m-carmen"],"_links":{"self":[{"href":"https:\/\/www.deberes.net\/tesis\/wp-json\/wp\/v2\/posts\/52677","targetHints":{"allow":["GET"]}}],"collection":[{"href":"https:\/\/www.deberes.net\/tesis\/wp-json\/wp\/v2\/posts"}],"about":[{"href":"https:\/\/www.deberes.net\/tesis\/wp-json\/wp\/v2\/types\/post"}],"author":[{"embeddable":true,"href":"https:\/\/www.deberes.net\/tesis\/wp-json\/wp\/v2\/users\/1"}],"replies":[{"embeddable":true,"href":"https:\/\/www.deberes.net\/tesis\/wp-json\/wp\/v2\/comments?post=52677"}],"version-history":[{"count":0,"href":"https:\/\/www.deberes.net\/tesis\/wp-json\/wp\/v2\/posts\/52677\/revisions"}],"wp:attachment":[{"href":"https:\/\/www.deberes.net\/tesis\/wp-json\/wp\/v2\/media?parent=52677"}],"wp:term":[{"taxonomy":"category","embeddable":true,"href":"https:\/\/www.deberes.net\/tesis\/wp-json\/wp\/v2\/categories?post=52677"},{"taxonomy":"post_tag","embeddable":true,"href":"https:\/\/www.deberes.net\/tesis\/wp-json\/wp\/v2\/tags?post=52677"}],"curies":[{"name":"wp","href":"https:\/\/api.w.org\/{rel}","templated":true}]}}