{"id":52685,"date":"2022-04-09T17:38:20","date_gmt":"2022-04-09T17:38:20","guid":{"rendered":"https:\/\/www.deberes.net\/tesis\/sin-categoria\/una-encrucijada-en-la-historia-de-espana-aportacion-hispanica-a-la-expedicion-de-cochinchina\/"},"modified":"2022-04-09T17:38:20","modified_gmt":"2022-04-09T17:38:20","slug":"una-encrucijada-en-la-historia-de-espana-aportacion-hispanica-a-la-expedicion-de-cochinchina","status":"publish","type":"post","link":"https:\/\/www.deberes.net\/tesis\/historia\/una-encrucijada-en-la-historia-de-espana-aportacion-hispanica-a-la-expedicion-de-cochinchina\/","title":{"rendered":"Una encrucijada en la historia de espa\u00f1a. aportacion hispanica a la expedicion de cochinchina."},"content":{"rendered":"<h2>Tesis doctoral de <strong> Sara Rodicio Garcia <\/strong><\/h2>\n<p>La expedicion francoespa\u00f1ola a cochinchina de 1858 prolongada en guerra de casi cinco a\u00f1os  planteo a espa\u00f1a la disyuntiva de elegir entre participar con las otras naciones en la carrera colonialista tratando de compensar en parte la reciente perdida de sus dominios americanos o limitarse a colonizar los que le quedaban en filipinas.  tal es el contexto historico que confiere a esa accion belica importancia considerable.  sobre ella hay en nuestros archivos documentacion abundante  todavia no aprovechada  que ha sido la base de nuestro estudio. Francia  que con su politica de  hechos consumados  exploto en exclusiva los beneficios del triunfo  acallo nuestras protestas con el se\u00f1uelo de obtener para espa\u00f1a la consideracion de gran potencia.  el estudio se prolonga hasta el 1884  en que francia consigue anular los exiguos derechos reconocidos por annam a espa\u00f1a en el tratado de paz.<\/p>\n<p>&nbsp;<\/p>\n<h3>Datos acad\u00e9micos de la tesis doctoral \u00ab<strong>Una encrucijada en la historia de espa\u00f1a. aportacion hispanica a la expedicion de cochinchina.<\/strong>\u00ab<\/h3>\n<ul>\n<li><strong>T\u00edtulo de la tesis:<\/strong>\u00a0 Una encrucijada en la historia de espa\u00f1a. aportacion hispanica a la expedicion de cochinchina. <\/li>\n<li><strong>Autor:<\/strong>\u00a0 Sara Rodicio Garcia <\/li>\n<li><strong>Universidad:<\/strong>\u00a0 Complutense de Madrid<\/li>\n<li><strong>Fecha de lectura de la tesis:<\/strong>\u00a0 01\/01\/1984<\/li>\n<\/ul>\n<p>&nbsp;<\/p>\n<h3>Direcci\u00f3n y tribunal<\/h3>\n<ul>\n<li><strong>Director de la tesis<\/strong>\n<ul>\n<li>Leoncio Cabrero Fernandez<\/li>\n<\/ul>\n<\/li>\n<li><strong>Tribunal<\/strong>\n<ul>\n<li>Presidente del tribunal: Tomas Marin Martinez <\/li>\n<li>Jos\u00e9 Manuel Perez Prendes Mu\u00f1oz Arraco (vocal)<\/li>\n<li>Martolome Escaldell (vocal)<\/li>\n<li>Mario Hern\u00e1ndez S\u00e1nchez-barba (vocal)<\/li>\n<\/ul>\n<\/li>\n<\/ul>\n<p>&nbsp;<\/p>\n","protected":false},"excerpt":{"rendered":"<p>Tesis doctoral de Sara Rodicio Garcia La expedicion francoespa\u00f1ola a cochinchina de 1858 prolongada en guerra de casi cinco a\u00f1os [&hellip;]<\/p>\n","protected":false},"author":1,"featured_media":0,"comment_status":"open","ping_status":"open","sticky":false,"template":"","format":"standard","meta":{"site-sidebar-layout":"default","site-content-layout":"","ast-site-content-layout":"","site-content-style":"default","site-sidebar-style":"default","ast-global-header-display":"","ast-banner-title-visibility":"","ast-main-header-display":"","ast-hfb-above-header-display":"","ast-hfb-below-header-display":"","ast-hfb-mobile-header-display":"","site-post-title":"","ast-breadcrumbs-content":"","ast-featured-img":"","footer-sml-layout":"","theme-transparent-header-meta":"","adv-header-id-meta":"","stick-header-meta":"","header-above-stick-meta":"","header-main-stick-meta":"","header-below-stick-meta":"","astra-migrate-meta-layouts":"default","ast-page-background-enabled":"default","ast-page-background-meta":{"desktop":{"background-color":"var(--ast-global-color-4)","background-image":"","background-repeat":"repeat","background-position":"center center","background-size":"auto","background-attachment":"scroll","background-type":"","background-media":"","overlay-type":"","overlay-color":"","overlay-gradient":""},"tablet":{"background-color":"","background-image":"","background-repeat":"repeat","background-position":"center center","background-size":"auto","background-attachment":"scroll","background-type":"","background-media":"","overlay-type":"","overlay-color":"","overlay-gradient":""},"mobile":{"background-color":"","background-image":"","background-repeat":"repeat","background-position":"center center","background-size":"auto","background-attachment":"scroll","background-type":"","background-media":"","overlay-type":"","overlay-color":"","overlay-gradient":""}},"ast-content-background-meta":{"desktop":{"background-color":"var(--ast-global-color-5)","background-image":"","background-repeat":"repeat","background-position":"center center","background-size":"auto","background-attachment":"scroll","background-type":"","background-media":"","overlay-type":"","overlay-color":"","overlay-gradient":""},"tablet":{"background-color":"var(--ast-global-color-5)","background-image":"","background-repeat":"repeat","background-position":"center center","background-size":"auto","background-attachment":"scroll","background-type":"","background-media":"","overlay-type":"","overlay-color":"","overlay-gradient":""},"mobile":{"background-color":"var(--ast-global-color-5)","background-image":"","background-repeat":"repeat","background-position":"center center","background-size":"auto","background-attachment":"scroll","background-type":"","background-media":"","overlay-type":"","overlay-color":"","overlay-gradient":""}},"footnotes":""},"categories":[104,15343,222],"tags":[4595,6899,36231,116350,23669,4590],"class_list":["post-52685","post","type-post","status-publish","format-standard","hentry","category-historia","category-historia-de-las-relaciones-internacionales","category-historias-especializadas","tag-jose-manuel-perez-prendes-munoz-arraco","tag-leoncio-cabrero-fernandez","tag-mario-hernandez-sanchez-barba","tag-martolome-escaldell","tag-sara-rodicio-garcia","tag-tomas-marin-Martinez"],"_links":{"self":[{"href":"https:\/\/www.deberes.net\/tesis\/wp-json\/wp\/v2\/posts\/52685","targetHints":{"allow":["GET"]}}],"collection":[{"href":"https:\/\/www.deberes.net\/tesis\/wp-json\/wp\/v2\/posts"}],"about":[{"href":"https:\/\/www.deberes.net\/tesis\/wp-json\/wp\/v2\/types\/post"}],"author":[{"embeddable":true,"href":"https:\/\/www.deberes.net\/tesis\/wp-json\/wp\/v2\/users\/1"}],"replies":[{"embeddable":true,"href":"https:\/\/www.deberes.net\/tesis\/wp-json\/wp\/v2\/comments?post=52685"}],"version-history":[{"count":0,"href":"https:\/\/www.deberes.net\/tesis\/wp-json\/wp\/v2\/posts\/52685\/revisions"}],"wp:attachment":[{"href":"https:\/\/www.deberes.net\/tesis\/wp-json\/wp\/v2\/media?parent=52685"}],"wp:term":[{"taxonomy":"category","embeddable":true,"href":"https:\/\/www.deberes.net\/tesis\/wp-json\/wp\/v2\/categories?post=52685"},{"taxonomy":"post_tag","embeddable":true,"href":"https:\/\/www.deberes.net\/tesis\/wp-json\/wp\/v2\/tags?post=52685"}],"curies":[{"name":"wp","href":"https:\/\/api.w.org\/{rel}","templated":true}]}}