{"id":52791,"date":"2018-03-09T22:40:26","date_gmt":"2018-03-09T22:40:26","guid":{"rendered":"https:\/\/www.deberes.net\/tesis\/sin-categoria\/la-inteligencia-emocional-como-recurso-en-el-proceso-de-ensenanza-aprendizaje-de-la-musica\/"},"modified":"2018-03-09T22:40:26","modified_gmt":"2018-03-09T22:40:26","slug":"la-inteligencia-emocional-como-recurso-en-el-proceso-de-ensenanza-aprendizaje-de-la-musica","status":"publish","type":"post","link":"https:\/\/www.deberes.net\/tesis\/metodos-educativos\/la-inteligencia-emocional-como-recurso-en-el-proceso-de-ensenanza-aprendizaje-de-la-musica\/","title":{"rendered":"La inteligencia emocional como recurso en el proceso de ense\u00f1anza-aprendizaje de la m\u00fasica"},"content":{"rendered":"<h2>Tesis doctoral de <strong> Francisco Jos\u00e9 Balsera G\u00f3mez <\/strong><\/h2>\n<p>En la presente tesis doctoral se analiza el comportamiento y desarrollo de las habilidades de ejecuci\u00f3n de estudiantes que cursan grado medio en las especialidades de piano y m\u00fasica de c\u00e1mara, utilizando los recursos que ofrecen las teor\u00edas de la inteligencia emocional para mejorar la habilidad instrumental, la sensibilidad auditiva, la autonom\u00eda en la interpretaci\u00f3n y la capacidad comunicativa, con el fin de obtener una pr\u00e1ctica musical \u00f3ptima.     la primera parte de la tesis, organizada en tres cap\u00edtulos, muestra la fundamentaci\u00f3n te\u00f3rica de la investigaci\u00f3n. En el primer cap\u00edtulo se estudia la evoluci\u00f3n del concepto de \u00abinteligencia\u00bb y se describen las principales teor\u00edas psicol\u00f3gicas y de la emoci\u00f3n que han servido de referente en la elaboraci\u00f3n de la tesis.     el cap\u00edtulo segundo est\u00e1 dedicado a la aplicaci\u00f3n de la inteligencia emocional como recurso educativo en la ense\u00f1anza de la m\u00fasica. Partiendo de situaci\u00f3n actual de las ense\u00f1anzas de r\u00e9gimen especial, se expone la necesidad a comienzos del siglo xxi de una pedagog\u00eda que ayude a comprender mejor las necesidades emocionales de los estudiantes.     el cap\u00edtulo tercero centra su atenci\u00f3n en la utilizaci\u00f3n de la inteligencia emocional como t\u00e9cnica dinamizadora de la pr\u00e1ctica musical de conjunto.     en el cap\u00edtulo cuarto se expone la metodolog\u00eda de investigaci\u00f3n realizada: un estudio de casos.     los cap\u00edtulos quinto y sexto describen la investigaci\u00f3n llevada a cabo en las aulas de piano y m\u00fasica de c\u00e1mara, defini\u00e9ndose las caracter\u00edsticas generales de los casos objeto de estudio y la puesta en pr\u00e1ctica de los materiales elaborados.     en el cap\u00edtulo s\u00e9ptimo se explica el dise\u00f1o y aplicaci\u00f3n del cuestionario cehi-mc, con el que se pretende evaluar las habilidades interpersonales en alumnos que cursan estudios de m\u00fasica de c\u00e1mara.     el octavo cap\u00edtulo est\u00e1 dedicado a la presentaci\u00f3n y an\u00e1lisis de los datos obtenidos. En el cap\u00edtulo noveno<\/p>\n<p>&nbsp;<\/p>\n<h3>Datos acad\u00e9micos de la tesis doctoral \u00ab<strong>La inteligencia emocional como recurso en el proceso de ense\u00f1anza-aprendizaje de la m\u00fasica<\/strong>\u00ab<\/h3>\n<ul>\n<li><strong>T\u00edtulo de la tesis:<\/strong>\u00a0 La inteligencia emocional como recurso en el proceso de ense\u00f1anza-aprendizaje de la m\u00fasica <\/li>\n<li><strong>Autor:<\/strong>\u00a0 Francisco Jos\u00e9 Balsera G\u00f3mez <\/li>\n<li><strong>Universidad:<\/strong>\u00a0 Nacional de educaci\u00f3n a distancia<\/li>\n<li><strong>Fecha de lectura de la tesis:<\/strong>\u00a0 29\/05\/2006<\/li>\n<\/ul>\n<p>&nbsp;<\/p>\n<h3>Direcci\u00f3n y tribunal<\/h3>\n<ul>\n<li><strong>Director de la tesis<\/strong>\n<ul>\n<li>Domingo Jos\u00e9 Gallego Gil<\/li>\n<\/ul>\n<\/li>\n<li><strong>Tribunal<\/strong>\n<ul>\n<li>Presidente del tribunal: Antonio Medina rivilla <\/li>\n<li>Mar\u00eda no Guti\u00e9rrez tapias (vocal)<\/li>\n<li>Andrea Gir\u00e1ldez hayes (vocal)<\/li>\n<li>Luis Prensa villegas (vocal)<\/li>\n<\/ul>\n<\/li>\n<\/ul>\n<p>&nbsp;<\/p>\n","protected":false},"excerpt":{"rendered":"<p>Tesis doctoral de Francisco Jos\u00e9 Balsera G\u00f3mez En la presente tesis doctoral se analiza el comportamiento y desarrollo de las [&hellip;]<\/p>\n","protected":false},"author":1,"featured_media":0,"comment_status":"open","ping_status":"open","sticky":false,"template":"","format":"standard","meta":{"site-sidebar-layout":"default","site-content-layout":"","ast-site-content-layout":"","site-content-style":"default","site-sidebar-style":"default","ast-global-header-display":"","ast-banner-title-visibility":"","ast-main-header-display":"","ast-hfb-above-header-display":"","ast-hfb-below-header-display":"","ast-hfb-mobile-header-display":"","site-post-title":"","ast-breadcrumbs-content":"","ast-featured-img":"","footer-sml-layout":"","theme-transparent-header-meta":"","adv-header-id-meta":"","stick-header-meta":"","header-above-stick-meta":"","header-main-stick-meta":"","header-below-stick-meta":"","astra-migrate-meta-layouts":"default","ast-page-background-enabled":"default","ast-page-background-meta":{"desktop":{"background-color":"var(--ast-global-color-4)","background-image":"","background-repeat":"repeat","background-position":"center center","background-size":"auto","background-attachment":"scroll","background-type":"","background-media":"","overlay-type":"","overlay-color":"","overlay-gradient":""},"tablet":{"background-color":"","background-image":"","background-repeat":"repeat","background-position":"center center","background-size":"auto","background-attachment":"scroll","background-type":"","background-media":"","overlay-type":"","overlay-color":"","overlay-gradient":""},"mobile":{"background-color":"","background-image":"","background-repeat":"repeat","background-position":"center center","background-size":"auto","background-attachment":"scroll","background-type":"","background-media":"","overlay-type":"","overlay-color":"","overlay-gradient":""}},"ast-content-background-meta":{"desktop":{"background-color":"var(--ast-global-color-5)","background-image":"","background-repeat":"repeat","background-position":"center center","background-size":"auto","background-attachment":"scroll","background-type":"","background-media":"","overlay-type":"","overlay-color":"","overlay-gradient":""},"tablet":{"background-color":"var(--ast-global-color-5)","background-image":"","background-repeat":"repeat","background-position":"center center","background-size":"auto","background-attachment":"scroll","background-type":"","background-media":"","overlay-type":"","overlay-color":"","overlay-gradient":""},"mobile":{"background-color":"var(--ast-global-color-5)","background-image":"","background-repeat":"repeat","background-position":"center center","background-size":"auto","background-attachment":"scroll","background-type":"","background-media":"","overlay-type":"","overlay-color":"","overlay-gradient":""}},"footnotes":""},"categories":[5173,17070],"tags":[116479,6213,17106,116478,63940,45965],"class_list":["post-52791","post","type-post","status-publish","format-standard","hentry","category-metodos-educativos","category-nacional-de-educacion-a-distancia","tag-andrea-giraldez-hayes","tag-antonio-medina-rivilla","tag-domingo-jose-gallego-gil","tag-francisco-jose-balsera-gomez","tag-luis-prensa-villegas","tag-maria-no-gutierrez-tapias"],"_links":{"self":[{"href":"https:\/\/www.deberes.net\/tesis\/wp-json\/wp\/v2\/posts\/52791","targetHints":{"allow":["GET"]}}],"collection":[{"href":"https:\/\/www.deberes.net\/tesis\/wp-json\/wp\/v2\/posts"}],"about":[{"href":"https:\/\/www.deberes.net\/tesis\/wp-json\/wp\/v2\/types\/post"}],"author":[{"embeddable":true,"href":"https:\/\/www.deberes.net\/tesis\/wp-json\/wp\/v2\/users\/1"}],"replies":[{"embeddable":true,"href":"https:\/\/www.deberes.net\/tesis\/wp-json\/wp\/v2\/comments?post=52791"}],"version-history":[{"count":0,"href":"https:\/\/www.deberes.net\/tesis\/wp-json\/wp\/v2\/posts\/52791\/revisions"}],"wp:attachment":[{"href":"https:\/\/www.deberes.net\/tesis\/wp-json\/wp\/v2\/media?parent=52791"}],"wp:term":[{"taxonomy":"category","embeddable":true,"href":"https:\/\/www.deberes.net\/tesis\/wp-json\/wp\/v2\/categories?post=52791"},{"taxonomy":"post_tag","embeddable":true,"href":"https:\/\/www.deberes.net\/tesis\/wp-json\/wp\/v2\/tags?post=52791"}],"curies":[{"name":"wp","href":"https:\/\/api.w.org\/{rel}","templated":true}]}}