{"id":52804,"date":"2018-03-09T22:40:26","date_gmt":"2018-03-09T22:40:26","guid":{"rendered":"https:\/\/www.deberes.net\/tesis\/sin-categoria\/poder-sindical-entre-regulacion-y-autonoma%c2%ada\/"},"modified":"2018-03-09T22:40:26","modified_gmt":"2018-03-09T22:40:26","slug":"poder-sindical-entre-regulacion-y-autonoma%c2%ada","status":"publish","type":"post","link":"https:\/\/www.deberes.net\/tesis\/sin-categoria\/poder-sindical-entre-regulacion-y-autonoma%c2%ada\/","title":{"rendered":"Poder sindical entre regulaci\u00f3n y autonom\u00eda"},"content":{"rendered":"<h2>Tesis doctoral de <strong>  Quintella De Carvalho Jos\u00e9 <\/strong><\/h2>\n<p>L doctorando efect\u00faa un an\u00e1lisis riguroso de los distintos modelos hist\u00f3ricos de \u00absindicalismo\u00bb: desde el modelo del sindicato \u00abnatural\u00bb, primigenio o inicial en los albores del primer capitalismo; el sindicalismo tolerado bajo un r\u00e9gimen liberal abstencionista, el modelo de sindicalismo corporativo del r\u00e9gimen corporativo autoritario, y el actual modelo de sindicalismo \u00abneocorporativo\u00bb de los estados democr\u00e1ticos. Estos modelos los contrasta con categor\u00edas dogm\u00e1ticas ligadas al hecho sindical: la libertad, la autonom\u00eda y el poder de hecho del sindicato. Y de este contraste colige conclusiones interesantes sobre la adecuaci\u00f3n del modelo neocorporativo especialmente, de cada modelo estudiando a esos par\u00e1metros definidores de la autenticidad \u00absindical\u00bb<\/p>\n<p>&nbsp;<\/p>\n<h3>Datos acad\u00e9micos de la tesis doctoral \u00ab<strong>Poder sindical entre regulaci\u00f3n y autonom\u00eda<\/strong>\u00ab<\/h3>\n<ul>\n<li><strong>T\u00edtulo de la tesis:<\/strong>\u00a0 Poder sindical entre regulaci\u00f3n y autonom\u00eda<\/li>\n<li><strong>Autor:<\/strong>\u00a0  Quintella De Carvalho Jos\u00e9 <\/li>\n<li><strong>Universidad:<\/strong>\u00a0 Complutense de Madrid<\/li>\n<li><strong>Fecha de lectura de la tesis:<\/strong>\u00a0 30\/05\/2006<\/li>\n<\/ul>\n<p>&nbsp;<\/p>\n<h3>Direcci\u00f3n y tribunal<\/h3>\n<ul>\n<li><strong>Director de la tesis<\/strong>\n<ul>\n<li>r\u00e9 Vald\u00e9s Dal<\/li>\n<\/ul>\n<\/li>\n<li><strong>Tribunal<\/strong>\n<ul>\n<li>Presidente del tribunal: Francisco P\u00e9rez de los cobos orihuel <\/li>\n<li>Juan  Manuel Ramirez Martinez (vocal)<\/li>\n<li>tom\u00e1s Sala franco (vocal)<\/li>\n<li>el\u00edas Gonz\u00e1lez-posada mart\u00ednez (vocal)<\/li>\n<\/ul>\n<\/li>\n<\/ul>\n<p>&nbsp;<\/p>\n","protected":false},"excerpt":{"rendered":"<p>Tesis doctoral de Quintella De Carvalho Jos\u00e9 L doctorando efect\u00faa un an\u00e1lisis riguroso de los distintos modelos hist\u00f3ricos de \u00absindicalismo\u00bb: [&hellip;]<\/p>\n","protected":false},"author":1,"featured_media":0,"comment_status":"open","ping_status":"open","sticky":false,"template":"","format":"standard","meta":{"site-sidebar-layout":"default","site-content-layout":"","ast-site-content-layout":"","site-content-style":"default","site-sidebar-style":"default","ast-global-header-display":"","ast-banner-title-visibility":"","ast-main-header-display":"","ast-hfb-above-header-display":"","ast-hfb-below-header-display":"","ast-hfb-mobile-header-display":"","site-post-title":"","ast-breadcrumbs-content":"","ast-featured-img":"","footer-sml-layout":"","theme-transparent-header-meta":"","adv-header-id-meta":"","stick-header-meta":"","header-above-stick-meta":"","header-main-stick-meta":"","header-below-stick-meta":"","astra-migrate-meta-layouts":"default","ast-page-background-enabled":"default","ast-page-background-meta":{"desktop":{"background-color":"var(--ast-global-color-4)","background-image":"","background-repeat":"repeat","background-position":"center center","background-size":"auto","background-attachment":"scroll","background-type":"","background-media":"","overlay-type":"","overlay-color":"","overlay-gradient":""},"tablet":{"background-color":"","background-image":"","background-repeat":"repeat","background-position":"center center","background-size":"auto","background-attachment":"scroll","background-type":"","background-media":"","overlay-type":"","overlay-color":"","overlay-gradient":""},"mobile":{"background-color":"","background-image":"","background-repeat":"repeat","background-position":"center center","background-size":"auto","background-attachment":"scroll","background-type":"","background-media":"","overlay-type":"","overlay-color":"","overlay-gradient":""}},"ast-content-background-meta":{"desktop":{"background-color":"var(--ast-global-color-5)","background-image":"","background-repeat":"repeat","background-position":"center center","background-size":"auto","background-attachment":"scroll","background-type":"","background-media":"","overlay-type":"","overlay-color":"","overlay-gradient":""},"tablet":{"background-color":"var(--ast-global-color-5)","background-image":"","background-repeat":"repeat","background-position":"center center","background-size":"auto","background-attachment":"scroll","background-type":"","background-media":"","overlay-type":"","overlay-color":"","overlay-gradient":""},"mobile":{"background-color":"var(--ast-global-color-5)","background-image":"","background-repeat":"repeat","background-position":"center center","background-size":"auto","background-attachment":"scroll","background-type":"","background-media":"","overlay-type":"","overlay-color":"","overlay-gradient":""}},"footnotes":""},"categories":[1],"tags":[27916,36384,22849,116510,55783,11488],"class_list":["post-52804","post","type-post","status-publish","format-standard","hentry","category-sin-categoria","tag-elias-gonzalez-posada-Martinez","tag-francisco-perez-de-los-cobos-orihuel","tag-juan-manuel-ramirez-Martinez","tag-quintella-de-carvalho-jose","tag-re-valdes-dal","tag-tomas-sala-franco"],"_links":{"self":[{"href":"https:\/\/www.deberes.net\/tesis\/wp-json\/wp\/v2\/posts\/52804","targetHints":{"allow":["GET"]}}],"collection":[{"href":"https:\/\/www.deberes.net\/tesis\/wp-json\/wp\/v2\/posts"}],"about":[{"href":"https:\/\/www.deberes.net\/tesis\/wp-json\/wp\/v2\/types\/post"}],"author":[{"embeddable":true,"href":"https:\/\/www.deberes.net\/tesis\/wp-json\/wp\/v2\/users\/1"}],"replies":[{"embeddable":true,"href":"https:\/\/www.deberes.net\/tesis\/wp-json\/wp\/v2\/comments?post=52804"}],"version-history":[{"count":0,"href":"https:\/\/www.deberes.net\/tesis\/wp-json\/wp\/v2\/posts\/52804\/revisions"}],"wp:attachment":[{"href":"https:\/\/www.deberes.net\/tesis\/wp-json\/wp\/v2\/media?parent=52804"}],"wp:term":[{"taxonomy":"category","embeddable":true,"href":"https:\/\/www.deberes.net\/tesis\/wp-json\/wp\/v2\/categories?post=52804"},{"taxonomy":"post_tag","embeddable":true,"href":"https:\/\/www.deberes.net\/tesis\/wp-json\/wp\/v2\/tags?post=52804"}],"curies":[{"name":"wp","href":"https:\/\/api.w.org\/{rel}","templated":true}]}}