{"id":52816,"date":"2018-03-09T22:40:26","date_gmt":"2018-03-09T22:40:26","guid":{"rendered":"https:\/\/www.deberes.net\/tesis\/sin-categoria\/el-formador-de-formadores-en-la-fpoyc-diseno-de-un-modelo-de-ensenanza-aprendizaje-bimodal-con-el-apoyo-de-las-tic\/"},"modified":"2018-03-09T22:40:26","modified_gmt":"2018-03-09T22:40:26","slug":"el-formador-de-formadores-en-la-fpoyc-diseno-de-un-modelo-de-ensenanza-aprendizaje-bimodal-con-el-apoyo-de-las-tic","status":"publish","type":"post","link":"https:\/\/www.deberes.net\/tesis\/preparacion-de-profesores\/el-formador-de-formadores-en-la-fpoyc-diseno-de-un-modelo-de-ensenanza-aprendizaje-bimodal-con-el-apoyo-de-las-tic\/","title":{"rendered":"El formador de formadores en la fpoyc: dise\u00f1o de un modelo de ense\u00f1anza-aprendizaje bimodal con el apoyo de las tic"},"content":{"rendered":"<h2>Tesis doctoral de <strong> Ana Mar\u00eda Martin Cuadrado <\/strong><\/h2>\n<p>El tema tratado en la tesis es novedoso. La explicaci\u00f3n reside en que los programas formativos que componen el plan de formaci\u00f3n e inserci\u00f3n profesional (fip), habitualmente se ofrecen en modalidad presencial, y por lo tanto el curso formador ocupacional, que es una de las acciones formativas que se programan dentro de la familia profesional \u00abdocencia e investigaci\u00f3n\u00bb, tambi\u00e9n. las tecnolog\u00edas de la informaci\u00f3n y la comunicaci\u00f3n (tic) han aportado cambios a los modelos de formaci\u00f3n tradicionales, dot\u00e1ndoles de herramientas que han favorecido la autonom\u00eda del alumno y diversificado el rol del formador, al mismo tiempo, han acortado y eliminado las distancias y las barreras geogr\u00e1ficas, por lo que la formaci\u00f3n ha llegado a individuos que habitan en zonas rurales o lejanas a las ciudades donde se suelen impartir las acciones formativas. sin embargo, las tic est\u00e1n introduci\u00e9ndose lentamente en los programas de formaci\u00f3n para el empleo; una de las dificultades m\u00e1s importantes es que no todas las familias profesionales son teleformables. Otras, a considerar, las encontramos que no todos los alumnos han adquirido conocimientos inform\u00e1ticos y de internet b\u00e1sico ni suelen disponer de equipos inform\u00e1ticos para poder seguir los programas formativos: que no todos los centros de formaci\u00f3n est\u00e1n acondicionados tecnol\u00f3gicamente, que la disponibilidad de espacios p\u00fablicos para el uso de internet no es suficiente: los programas did\u00e1cticos no se han revisado desde hace tiempo, y no se adaptan a las demandas que la sociedad exige en cuanto a competencias a desarrollar en el puesto de trabajo (p.E., La formaci\u00f3n del formador ocupacional en el siglo xxi, no se ajusta totalmente a las necesidades que se plantean en el referente profesional). No podemos introducir recursos tecnol\u00f3gicos en los programas formativos del plan fip, si los formadores ocupacionales desconocen su utilidad. el formador ocupacional, formado por formadores de formadores, debe iniciarse<\/p>\n<p>&nbsp;<\/p>\n<h3>Datos acad\u00e9micos de la tesis doctoral \u00ab<strong>El formador de formadores en la fpoyc: dise\u00f1o de un modelo de ense\u00f1anza-aprendizaje bimodal con el apoyo de las tic<\/strong>\u00ab<\/h3>\n<ul>\n<li><strong>T\u00edtulo de la tesis:<\/strong>\u00a0 El formador de formadores en la fpoyc: dise\u00f1o de un modelo de ense\u00f1anza-aprendizaje bimodal con el apoyo de las tic <\/li>\n<li><strong>Autor:<\/strong>\u00a0 Ana Mar\u00eda Martin Cuadrado <\/li>\n<li><strong>Universidad:<\/strong>\u00a0 Nacional de educaci\u00f3n a distancia<\/li>\n<li><strong>Fecha de lectura de la tesis:<\/strong>\u00a0 30\/05\/2006<\/li>\n<\/ul>\n<p>&nbsp;<\/p>\n<h3>Direcci\u00f3n y tribunal<\/h3>\n<ul>\n<li><strong>Director de la tesis<\/strong>\n<ul>\n<li>Domingo Jos\u00e9 Gallego Gil<\/li>\n<\/ul>\n<\/li>\n<li><strong>Tribunal<\/strong>\n<ul>\n<li>Presidente del tribunal: Antonio Medina rivilla <\/li>\n<li>lorenzo Almaz\u00e1n moreno (vocal)<\/li>\n<li>Jos\u00e9 Cardona and\u00fajar (vocal)<\/li>\n<li>carolina Fern\u00e1ndez salinero (vocal)<\/li>\n<\/ul>\n<\/li>\n<\/ul>\n<p>&nbsp;<\/p>\n","protected":false},"excerpt":{"rendered":"<p>Tesis doctoral de Ana Mar\u00eda Martin Cuadrado El tema tratado en la tesis es novedoso. La explicaci\u00f3n reside en que [&hellip;]<\/p>\n","protected":false},"author":1,"featured_media":0,"comment_status":"open","ping_status":"open","sticky":false,"template":"","format":"standard","meta":{"site-sidebar-layout":"default","site-content-layout":"","ast-site-content-layout":"","site-content-style":"default","site-sidebar-style":"default","ast-global-header-display":"","ast-banner-title-visibility":"","ast-main-header-display":"","ast-hfb-above-header-display":"","ast-hfb-below-header-display":"","ast-hfb-mobile-header-display":"","site-post-title":"","ast-breadcrumbs-content":"","ast-featured-img":"","footer-sml-layout":"","theme-transparent-header-meta":"","adv-header-id-meta":"","stick-header-meta":"","header-above-stick-meta":"","header-main-stick-meta":"","header-below-stick-meta":"","astra-migrate-meta-layouts":"default","ast-page-background-enabled":"default","ast-page-background-meta":{"desktop":{"background-color":"var(--ast-global-color-4)","background-image":"","background-repeat":"repeat","background-position":"center center","background-size":"auto","background-attachment":"scroll","background-type":"","background-media":"","overlay-type":"","overlay-color":"","overlay-gradient":""},"tablet":{"background-color":"","background-image":"","background-repeat":"repeat","background-position":"center center","background-size":"auto","background-attachment":"scroll","background-type":"","background-media":"","overlay-type":"","overlay-color":"","overlay-gradient":""},"mobile":{"background-color":"","background-image":"","background-repeat":"repeat","background-position":"center center","background-size":"auto","background-attachment":"scroll","background-type":"","background-media":"","overlay-type":"","overlay-color":"","overlay-gradient":""}},"ast-content-background-meta":{"desktop":{"background-color":"var(--ast-global-color-5)","background-image":"","background-repeat":"repeat","background-position":"center center","background-size":"auto","background-attachment":"scroll","background-type":"","background-media":"","overlay-type":"","overlay-color":"","overlay-gradient":""},"tablet":{"background-color":"var(--ast-global-color-5)","background-image":"","background-repeat":"repeat","background-position":"center center","background-size":"auto","background-attachment":"scroll","background-type":"","background-media":"","overlay-type":"","overlay-color":"","overlay-gradient":""},"mobile":{"background-color":"var(--ast-global-color-5)","background-image":"","background-repeat":"repeat","background-position":"center center","background-size":"auto","background-attachment":"scroll","background-type":"","background-media":"","overlay-type":"","overlay-color":"","overlay-gradient":""}},"footnotes":""},"categories":[17070,1288],"tags":[116542,6213,67117,17106,37428,57319],"class_list":["post-52816","post","type-post","status-publish","format-standard","hentry","category-nacional-de-educacion-a-distancia","category-preparacion-de-profesores","tag-ana-maria-martin-cuadrado","tag-antonio-medina-rivilla","tag-carolina-fernandez-salinero","tag-domingo-jose-gallego-gil","tag-jose-cardona-andujar","tag-lorenzo-almazan-moreno"],"_links":{"self":[{"href":"https:\/\/www.deberes.net\/tesis\/wp-json\/wp\/v2\/posts\/52816","targetHints":{"allow":["GET"]}}],"collection":[{"href":"https:\/\/www.deberes.net\/tesis\/wp-json\/wp\/v2\/posts"}],"about":[{"href":"https:\/\/www.deberes.net\/tesis\/wp-json\/wp\/v2\/types\/post"}],"author":[{"embeddable":true,"href":"https:\/\/www.deberes.net\/tesis\/wp-json\/wp\/v2\/users\/1"}],"replies":[{"embeddable":true,"href":"https:\/\/www.deberes.net\/tesis\/wp-json\/wp\/v2\/comments?post=52816"}],"version-history":[{"count":0,"href":"https:\/\/www.deberes.net\/tesis\/wp-json\/wp\/v2\/posts\/52816\/revisions"}],"wp:attachment":[{"href":"https:\/\/www.deberes.net\/tesis\/wp-json\/wp\/v2\/media?parent=52816"}],"wp:term":[{"taxonomy":"category","embeddable":true,"href":"https:\/\/www.deberes.net\/tesis\/wp-json\/wp\/v2\/categories?post=52816"},{"taxonomy":"post_tag","embeddable":true,"href":"https:\/\/www.deberes.net\/tesis\/wp-json\/wp\/v2\/tags?post=52816"}],"curies":[{"name":"wp","href":"https:\/\/api.w.org\/{rel}","templated":true}]}}