{"id":52852,"date":"2006-01-06T00:00:00","date_gmt":"2006-01-06T00:00:00","guid":{"rendered":"https:\/\/www.deberes.net\/tesis\/sin-categoria\/neuropsicologia-de-la-esclerosis-multiple-estudio-de-la-afectacion-neuropsicologica\/"},"modified":"2006-01-06T00:00:00","modified_gmt":"2006-01-06T00:00:00","slug":"neuropsicologia-de-la-esclerosis-multiple-estudio-de-la-afectacion-neuropsicologica","status":"publish","type":"post","link":"https:\/\/www.deberes.net\/tesis\/psicologia-experimental\/neuropsicologia-de-la-esclerosis-multiple-estudio-de-la-afectacion-neuropsicologica\/","title":{"rendered":"Neuropsicolog\u00eda de la esclerosis multiple estudio de la afectacion neuropsicologica"},"content":{"rendered":"<h2>Tesis doctoral de <strong>  Sanchez Lopez Mar\u00eda  Del Pino <\/strong><\/h2>\n<p>La esclerosis m\u00faltiple es una enfermedad inflamatoria del sistema nervioso central, siendo la causa m\u00e1s com\u00fan de discapacidad neurol\u00f3gica entre adultos j\u00f3venes. A pesar del gran n\u00famero de publicaciones que existen sobre la em, permanecen aun muchos interrogantes sobre las causas de esta enfermedad, sus correlatos cl\u00ednico-patol\u00f3gicos, el curso evolutivo y los factores pron\u00f3sticos.      los resultados publicados se caracterizan por una importante variabilidad y en ocasiones, resultan incluso contradictorios. el estudio de la afectaci\u00f3n cognitiva es uno de los campos en los que m\u00e1s claramente se aprecia el problema de los resultados incosistentes, debido a la propia heterogeneidad de la enfermedad como a la variabilidad en la metodolog\u00eda empleada. Si determinar los posibles d\u00e9ficit cognitivos dela em no est\u00e1 siendo tarea f\u00e1cil, intentar establecer las bases neuroanatomicas de esta disfunci\u00f3n cognitiva podr\u00eda parecer una planteamiento inabordable. Sin embargo, la relevancia cl\u00ednica y b\u00e1sica del establecimiento de estas relaciones han despertado  el inter\u00e9s de muchos grupos de investigaci\u00f3n. Y es esta l\u00ednea se sit\u00faa nuestro trabajo. Para superar algunos de los problemas comentados, seleccionamos una muestra homog\u00e9nea en cu\u00e1nto a sus caracter\u00edsticas cl\u00ednicas, realizamos un estudio en profundidad de sus alteraciones cognitivas y analizamos su patolog\u00eda cerebral utilizando diversos indicadores. concretamente, los objetivos del presente trabajo han sido determinar el perfil neuropsicologico en una muestra de em con curso remitente-recurrente, de corta duraci\u00f3n de la enfermedad y leve discapacidad neurol\u00f3gica, definido a trav\u00e9s de la administraci\u00f3n de una amplia bater\u00eda de pruebas neuropiscol\u00f3gicas, as\u00ed como establecer las relaciones existentes entre este perfil neuropsicologico y la afectaci\u00f3n morfol\u00f3gica evidenciada en rm.     por otra parte, estudiamos la evoluci\u00f3n conjunta del perfil neuropsicologico y de los par\u00e1metros de neur<\/p>\n<p>&nbsp;<\/p>\n<h3>Datos acad\u00e9micos de la tesis doctoral \u00ab<strong>Neuropsicolog\u00eda de la esclerosis multiple estudio de la afectacion neuropsicologica<\/strong>\u00ab<\/h3>\n<ul>\n<li><strong>T\u00edtulo de la tesis:<\/strong>\u00a0 Neuropsicolog\u00eda de la esclerosis multiple estudio de la afectacion neuropsicologica <\/li>\n<li><strong>Autor:<\/strong>\u00a0  Sanchez Lopez Mar\u00eda  Del Pino <\/li>\n<li><strong>Universidad:<\/strong>\u00a0 La laguna<\/li>\n<li><strong>Fecha de lectura de la tesis:<\/strong>\u00a0 01\/06\/2006<\/li>\n<\/ul>\n<p>&nbsp;<\/p>\n<h3>Direcci\u00f3n y tribunal<\/h3>\n<ul>\n<li><strong>Director de la tesis<\/strong>\n<ul>\n<li> Nieto Barco Mar\u00eda  Antonieta<\/li>\n<\/ul>\n<\/li>\n<li><strong>Tribunal<\/strong>\n<ul>\n<li>Presidente del tribunal: Luis Gonz\u00e1lez feria <\/li>\n<li>Francisco Roman lapuente (vocal)<\/li>\n<li>raul Espert tortajada (vocal)<\/li>\n<li> Hern\u00e1ndez perez Miguel angel (vocal)<\/li>\n<\/ul>\n<\/li>\n<\/ul>\n<p>&nbsp;<\/p>\n","protected":false},"excerpt":{"rendered":"<p>Tesis doctoral de Sanchez Lopez Mar\u00eda Del Pino La esclerosis m\u00faltiple es una enfermedad inflamatoria del sistema nervioso central, siendo [&hellip;]<\/p>\n","protected":false},"author":1,"featured_media":0,"comment_status":"open","ping_status":"open","sticky":false,"template":"","format":"standard","meta":{"site-sidebar-layout":"default","site-content-layout":"","ast-site-content-layout":"","site-content-style":"default","site-sidebar-style":"default","ast-global-header-display":"","ast-banner-title-visibility":"","ast-main-header-display":"","ast-hfb-above-header-display":"","ast-hfb-below-header-display":"","ast-hfb-mobile-header-display":"","site-post-title":"","ast-breadcrumbs-content":"","ast-featured-img":"","footer-sml-layout":"","theme-transparent-header-meta":"","adv-header-id-meta":"","stick-header-meta":"","header-above-stick-meta":"","header-main-stick-meta":"","header-below-stick-meta":"","astra-migrate-meta-layouts":"default","ast-page-background-enabled":"default","ast-page-background-meta":{"desktop":{"background-color":"var(--ast-global-color-4)","background-image":"","background-repeat":"repeat","background-position":"center center","background-size":"auto","background-attachment":"scroll","background-type":"","background-media":"","overlay-type":"","overlay-color":"","overlay-gradient":""},"tablet":{"background-color":"","background-image":"","background-repeat":"repeat","background-position":"center center","background-size":"auto","background-attachment":"scroll","background-type":"","background-media":"","overlay-type":"","overlay-color":"","overlay-gradient":""},"mobile":{"background-color":"","background-image":"","background-repeat":"repeat","background-position":"center center","background-size":"auto","background-attachment":"scroll","background-type":"","background-media":"","overlay-type":"","overlay-color":"","overlay-gradient":""}},"ast-content-background-meta":{"desktop":{"background-color":"var(--ast-global-color-5)","background-image":"","background-repeat":"repeat","background-position":"center center","background-size":"auto","background-attachment":"scroll","background-type":"","background-media":"","overlay-type":"","overlay-color":"","overlay-gradient":""},"tablet":{"background-color":"var(--ast-global-color-5)","background-image":"","background-repeat":"repeat","background-position":"center center","background-size":"auto","background-attachment":"scroll","background-type":"","background-media":"","overlay-type":"","overlay-color":"","overlay-gradient":""},"mobile":{"background-color":"var(--ast-global-color-5)","background-image":"","background-repeat":"repeat","background-position":"center center","background-size":"auto","background-attachment":"scroll","background-type":"","background-media":"","overlay-type":"","overlay-color":"","overlay-gradient":""}},"footnotes":""},"categories":[4167,9915,5262,2462,5110],"tags":[10191,116629,10234,116628,42585,116627],"class_list":["post-52852","post","type-post","status-publish","format-standard","hentry","category-actividad-cerebral","category-la-laguna","category-procesos-mentales","category-psicologia-experimental","category-psicologia-fisiologica","tag-francisco-roman-lapuente","tag-hernandez-perez-miguel-angel","tag-luis-gonzalez-feria","tag-nieto-barco-maria-antonieta","tag-raul-espert-tortajada","tag-sanchez-lopez-maria-del-pino"],"_links":{"self":[{"href":"https:\/\/www.deberes.net\/tesis\/wp-json\/wp\/v2\/posts\/52852","targetHints":{"allow":["GET"]}}],"collection":[{"href":"https:\/\/www.deberes.net\/tesis\/wp-json\/wp\/v2\/posts"}],"about":[{"href":"https:\/\/www.deberes.net\/tesis\/wp-json\/wp\/v2\/types\/post"}],"author":[{"embeddable":true,"href":"https:\/\/www.deberes.net\/tesis\/wp-json\/wp\/v2\/users\/1"}],"replies":[{"embeddable":true,"href":"https:\/\/www.deberes.net\/tesis\/wp-json\/wp\/v2\/comments?post=52852"}],"version-history":[{"count":0,"href":"https:\/\/www.deberes.net\/tesis\/wp-json\/wp\/v2\/posts\/52852\/revisions"}],"wp:attachment":[{"href":"https:\/\/www.deberes.net\/tesis\/wp-json\/wp\/v2\/media?parent=52852"}],"wp:term":[{"taxonomy":"category","embeddable":true,"href":"https:\/\/www.deberes.net\/tesis\/wp-json\/wp\/v2\/categories?post=52852"},{"taxonomy":"post_tag","embeddable":true,"href":"https:\/\/www.deberes.net\/tesis\/wp-json\/wp\/v2\/tags?post=52852"}],"curies":[{"name":"wp","href":"https:\/\/api.w.org\/{rel}","templated":true}]}}