{"id":52866,"date":"2006-02-06T00:00:00","date_gmt":"2006-02-06T00:00:00","guid":{"rendered":"https:\/\/www.deberes.net\/tesis\/sin-categoria\/tardofranquismo-y-transicion-democratica-en-la-ciudad-de-alcoy-1973-1979\/"},"modified":"2006-02-06T00:00:00","modified_gmt":"2006-02-06T00:00:00","slug":"tardofranquismo-y-transicion-democratica-en-la-ciudad-de-alcoy-1973-1979","status":"publish","type":"post","link":"https:\/\/www.deberes.net\/tesis\/historia\/tardofranquismo-y-transicion-democratica-en-la-ciudad-de-alcoy-1973-1979\/","title":{"rendered":"Tardofranquismo y transici\u00f3n democr\u00e1tica en la ciudad de alcoy (1973-1979)"},"content":{"rendered":"<h2>Tesis doctoral de <strong>  Parra Verd\u00fa Pedro Juan <\/strong><\/h2>\n<p>Estudio centrado en las principales instituciones y personalidades que protagonizaron esta etapa, a nivel de partidos pol\u00edticos, centrales sindicales, asociaciones de vecinos y entidades culturales.Se pretende analizar y comprobar c\u00f3mo y cuando surgieron cada uno de estos elementos, as\u00ed como de qu\u00e9 manera contribuyeron a orientar el proceso de cambio pol\u00editco en la ciudad de alcoy.Dedicamos tambi\u00e9n especial atenci\u00f3n a los procesos electorales tanto pol\u00edticos como sindicales, compar\u00e1ndolos con los que se produc\u00edan a nivel estatal, regional, provincial y comarcal<\/p>\n<p>&nbsp;<\/p>\n<h3>Datos acad\u00e9micos de la tesis doctoral \u00ab<strong>Tardofranquismo y transici\u00f3n democr\u00e1tica en la ciudad de alcoy (1973-1979)<\/strong>\u00ab<\/h3>\n<ul>\n<li><strong>T\u00edtulo de la tesis:<\/strong>\u00a0 Tardofranquismo y transici\u00f3n democr\u00e1tica en la ciudad de alcoy (1973-1979) <\/li>\n<li><strong>Autor:<\/strong>\u00a0  Parra Verd\u00fa Pedro Juan <\/li>\n<li><strong>Universidad:<\/strong>\u00a0 Alicante<\/li>\n<li><strong>Fecha de lectura de la tesis:<\/strong>\u00a0 02\/06\/2006<\/li>\n<\/ul>\n<p>&nbsp;<\/p>\n<h3>Direcci\u00f3n y tribunal<\/h3>\n<ul>\n<li><strong>Director de la tesis<\/strong>\n<ul>\n<li>Josep Miquel Santacreu Soler<\/li>\n<\/ul>\n<\/li>\n<li><strong>Tribunal<\/strong>\n<ul>\n<li>Presidente del tribunal: sebastia Serra busquets <\/li>\n<li>pelai Pag\u00e9s blach (vocal)<\/li>\n<li>julio P\u00e9rez serrano (vocal)<\/li>\n<li>albert Girona albuixech (vocal)<\/li>\n<\/ul>\n<\/li>\n<\/ul>\n<p>&nbsp;<\/p>\n","protected":false},"excerpt":{"rendered":"<p>Tesis doctoral de Parra Verd\u00fa Pedro Juan Estudio centrado en las principales instituciones y personalidades que protagonizaron esta etapa, a [&hellip;]<\/p>\n","protected":false},"author":1,"featured_media":0,"comment_status":"open","ping_status":"open","sticky":false,"template":"","format":"standard","meta":{"site-sidebar-layout":"default","site-content-layout":"","ast-site-content-layout":"","site-content-style":"default","site-sidebar-style":"default","ast-global-header-display":"","ast-banner-title-visibility":"","ast-main-header-display":"","ast-hfb-above-header-display":"","ast-hfb-below-header-display":"","ast-hfb-mobile-header-display":"","site-post-title":"","ast-breadcrumbs-content":"","ast-featured-img":"","footer-sml-layout":"","theme-transparent-header-meta":"","adv-header-id-meta":"","stick-header-meta":"","header-above-stick-meta":"","header-main-stick-meta":"","header-below-stick-meta":"","astra-migrate-meta-layouts":"default","ast-page-background-enabled":"default","ast-page-background-meta":{"desktop":{"background-color":"var(--ast-global-color-4)","background-image":"","background-repeat":"repeat","background-position":"center center","background-size":"auto","background-attachment":"scroll","background-type":"","background-media":"","overlay-type":"","overlay-color":"","overlay-gradient":""},"tablet":{"background-color":"","background-image":"","background-repeat":"repeat","background-position":"center center","background-size":"auto","background-attachment":"scroll","background-type":"","background-media":"","overlay-type":"","overlay-color":"","overlay-gradient":""},"mobile":{"background-color":"","background-image":"","background-repeat":"repeat","background-position":"center center","background-size":"auto","background-attachment":"scroll","background-type":"","background-media":"","overlay-type":"","overlay-color":"","overlay-gradient":""}},"ast-content-background-meta":{"desktop":{"background-color":"var(--ast-global-color-5)","background-image":"","background-repeat":"repeat","background-position":"center center","background-size":"auto","background-attachment":"scroll","background-type":"","background-media":"","overlay-type":"","overlay-color":"","overlay-gradient":""},"tablet":{"background-color":"var(--ast-global-color-5)","background-image":"","background-repeat":"repeat","background-position":"center center","background-size":"auto","background-attachment":"scroll","background-type":"","background-media":"","overlay-type":"","overlay-color":"","overlay-gradient":""},"mobile":{"background-color":"var(--ast-global-color-5)","background-image":"","background-repeat":"repeat","background-position":"center center","background-size":"auto","background-attachment":"scroll","background-type":"","background-media":"","overlay-type":"","overlay-color":"","overlay-gradient":""}},"footnotes":""},"categories":[19166,104,1816,639,106,2224,220,105],"tags":[12145,70732,2230,116661,83383,19124],"class_list":["post-52866","post","type-post","status-publish","format-standard","hentry","category-alicante","category-historia","category-historia-contemporanea","category-historia-de-paises","category-historia-general","category-historia-local","category-historia-por-epocas","category-monografias-historicas","tag-albert-girona-albuixech","tag-josep-miquel-santacreu-soler","tag-julio-perez-serrano","tag-parra-verdu-pedro-juan","tag-pelai-pages-blach","tag-sebastia-serra-busquets"],"_links":{"self":[{"href":"https:\/\/www.deberes.net\/tesis\/wp-json\/wp\/v2\/posts\/52866","targetHints":{"allow":["GET"]}}],"collection":[{"href":"https:\/\/www.deberes.net\/tesis\/wp-json\/wp\/v2\/posts"}],"about":[{"href":"https:\/\/www.deberes.net\/tesis\/wp-json\/wp\/v2\/types\/post"}],"author":[{"embeddable":true,"href":"https:\/\/www.deberes.net\/tesis\/wp-json\/wp\/v2\/users\/1"}],"replies":[{"embeddable":true,"href":"https:\/\/www.deberes.net\/tesis\/wp-json\/wp\/v2\/comments?post=52866"}],"version-history":[{"count":0,"href":"https:\/\/www.deberes.net\/tesis\/wp-json\/wp\/v2\/posts\/52866\/revisions"}],"wp:attachment":[{"href":"https:\/\/www.deberes.net\/tesis\/wp-json\/wp\/v2\/media?parent=52866"}],"wp:term":[{"taxonomy":"category","embeddable":true,"href":"https:\/\/www.deberes.net\/tesis\/wp-json\/wp\/v2\/categories?post=52866"},{"taxonomy":"post_tag","embeddable":true,"href":"https:\/\/www.deberes.net\/tesis\/wp-json\/wp\/v2\/tags?post=52866"}],"curies":[{"name":"wp","href":"https:\/\/api.w.org\/{rel}","templated":true}]}}