{"id":52921,"date":"2006-05-06T00:00:00","date_gmt":"2006-05-06T00:00:00","guid":{"rendered":"https:\/\/www.deberes.net\/tesis\/sin-categoria\/origen-y-desarrollo-de-la-educacion-de-adultos-en-el-estado-de-parana-pr-1984-988-brasil\/"},"modified":"2006-05-06T00:00:00","modified_gmt":"2006-05-06T00:00:00","slug":"origen-y-desarrollo-de-la-educacion-de-adultos-en-el-estado-de-parana-pr-1984-988-brasil","status":"publish","type":"post","link":"https:\/\/www.deberes.net\/tesis\/historia-regional\/origen-y-desarrollo-de-la-educacion-de-adultos-en-el-estado-de-parana-pr-1984-988-brasil\/","title":{"rendered":"Origen y desarrollo de la educacion de adultos en el estado de parana\/pr.-1984-988 (brasil)"},"content":{"rendered":"<h2>Tesis doctoral de <strong> Rosangela Fernandes Cleveston <\/strong><\/h2>\n<p>Durante el a\u00f1o 1984, el gobierno brasile\u00f1o puso en marcha un plan de acci\u00f3n para fomentar la educaci\u00f3n de adultos con el objetivo de permitir que sus ciudadanos pudieran hacer frente a los problemas de conocimiento, valor y creatividad, en un pa\u00eds cuyo \u00edndice de analfabetismo se situaba por encima del 26% de la poblaci\u00f3n adulta. En aquel momento, el fomento y la extensi\u00f3n de la educaci\u00f3n de adultos requer\u00eda de la colaboraci\u00f3n de los distintos ministerios gubernamentales, de los gobiernos de los estados, de las organizaciones intergubernamentales y no gubernamentales, de los patronos, de las organizaciones sindicales, de las universidades y centros de investigaci\u00f3n, de los medios de comunicaci\u00f3n, de las asociaciones civiles y comunitarias, de los maestros y, por supuesto, de los propios educandos adultos.  para las autoridades educativas brasile\u00f1as, el objetivo fundamental de esta pol\u00edtica era asumir los profundos cambios producidos en el plano mundial, claramente patentes en la universalizaci\u00f3n de los sistemas econ\u00f3micos, el r\u00e1pido avance de la ciencia y la tecnolog\u00eda, la movilidad de la poblaci\u00f3n y la aparici\u00f3n de una sociedad fundada en la informaci\u00f3n y el conocimiento. El mundo experimenta adem\u00e1s cambios relevantes en cuanto a la distribuci\u00f3n del trabajo y el desempleo, as\u00ed como tensiones entre grupos sociales, basadas en la cultura, la etnicidad, la funci\u00f3n de los g\u00e9neros, la religi\u00f3n y los ingresos. Existe una crisis ecol\u00f3gica cada vez mayor. Todas estas tendencias tienen un claro reflejo en la educaci\u00f3n, campo en el cual se plantea una lucha continua por atender a las nuevas oportunidades y exigencias.  la unesco ha desempe\u00f1ado un papel precursor en la concepci\u00f3n de la educaci\u00f3n de adultos como parte esencial de todo sistema educativo y del desarrollo centrado en el ser humano. A la primera conferencia internacional de educaci\u00f3n de adultos (elsinore. Dinamarca. 1949) siguieron las de montreal (1960), tokio (1972) y paris (19<\/p>\n<p>&nbsp;<\/p>\n<h3>Datos acad\u00e9micos de la tesis doctoral \u00ab<strong>Origen y desarrollo de la educacion de adultos en el estado de parana\/pr.-1984-988 (brasil)<\/strong>\u00ab<\/h3>\n<ul>\n<li><strong>T\u00edtulo de la tesis:<\/strong>\u00a0 Origen y desarrollo de la educacion de adultos en el estado de parana\/pr.-1984-988 (brasil) <\/li>\n<li><strong>Autor:<\/strong>\u00a0 Rosangela Fernandes Cleveston <\/li>\n<li><strong>Universidad:<\/strong>\u00a0 Le\u00f3n<\/li>\n<li><strong>Fecha de lectura de la tesis:<\/strong>\u00a0 05\/06\/2006<\/li>\n<\/ul>\n<p>&nbsp;<\/p>\n<h3>Direcci\u00f3n y tribunal<\/h3>\n<ul>\n<li><strong>Director de la tesis<\/strong>\n<ul>\n<li>Eduardo Alvarez Del Palacio<\/li>\n<\/ul>\n<\/li>\n<li><strong>Tribunal<\/strong>\n<ul>\n<li>Presidente del tribunal: manuel Marcos casquero <\/li>\n<li>saul Garcia blanco (vocal)<\/li>\n<li>Jes\u00fas Paniagua perez (vocal)<\/li>\n<li>beatriz Fernandez diez (vocal)<\/li>\n<\/ul>\n<\/li>\n<\/ul>\n<p>&nbsp;<\/p>\n","protected":false},"excerpt":{"rendered":"<p>Tesis doctoral de Rosangela Fernandes Cleveston Durante el a\u00f1o 1984, el gobierno brasile\u00f1o puso en marcha un plan de acci\u00f3n [&hellip;]<\/p>\n","protected":false},"author":1,"featured_media":0,"comment_status":"open","ping_status":"open","sticky":false,"template":"","format":"standard","meta":{"site-sidebar-layout":"default","site-content-layout":"","ast-site-content-layout":"","site-content-style":"default","site-sidebar-style":"default","ast-global-header-display":"","ast-banner-title-visibility":"","ast-main-header-display":"","ast-hfb-above-header-display":"","ast-hfb-below-header-display":"","ast-hfb-mobile-header-display":"","site-post-title":"","ast-breadcrumbs-content":"","ast-featured-img":"","footer-sml-layout":"","theme-transparent-header-meta":"","adv-header-id-meta":"","stick-header-meta":"","header-above-stick-meta":"","header-main-stick-meta":"","header-below-stick-meta":"","astra-migrate-meta-layouts":"default","ast-page-background-enabled":"default","ast-page-background-meta":{"desktop":{"background-color":"var(--ast-global-color-4)","background-image":"","background-repeat":"repeat","background-position":"center center","background-size":"auto","background-attachment":"scroll","background-type":"","background-media":"","overlay-type":"","overlay-color":"","overlay-gradient":""},"tablet":{"background-color":"","background-image":"","background-repeat":"repeat","background-position":"center center","background-size":"auto","background-attachment":"scroll","background-type":"","background-media":"","overlay-type":"","overlay-color":"","overlay-gradient":""},"mobile":{"background-color":"","background-image":"","background-repeat":"repeat","background-position":"center center","background-size":"auto","background-attachment":"scroll","background-type":"","background-media":"","overlay-type":"","overlay-color":"","overlay-gradient":""}},"ast-content-background-meta":{"desktop":{"background-color":"var(--ast-global-color-5)","background-image":"","background-repeat":"repeat","background-position":"center center","background-size":"auto","background-attachment":"scroll","background-type":"","background-media":"","overlay-type":"","overlay-color":"","overlay-gradient":""},"tablet":{"background-color":"var(--ast-global-color-5)","background-image":"","background-repeat":"repeat","background-position":"center center","background-size":"auto","background-attachment":"scroll","background-type":"","background-media":"","overlay-type":"","overlay-color":"","overlay-gradient":""},"mobile":{"background-color":"var(--ast-global-color-5)","background-image":"","background-repeat":"repeat","background-position":"center center","background-size":"auto","background-attachment":"scroll","background-type":"","background-media":"","overlay-type":"","overlay-color":"","overlay-gradient":""}},"footnotes":""},"categories":[2224,981,4430],"tags":[77609,4444,11222,42664,116781,4447],"class_list":["post-52921","post","type-post","status-publish","format-standard","hentry","category-historia-local","category-historia-regional","category-leon","tag-beatriz-fernandez-diez","tag-eduardo-alvarez-del-palacio","tag-jesus-paniagua-perez","tag-manuel-marcos-casquero","tag-rosangela-fernandes-cleveston","tag-saul-garcia-blanco"],"_links":{"self":[{"href":"https:\/\/www.deberes.net\/tesis\/wp-json\/wp\/v2\/posts\/52921","targetHints":{"allow":["GET"]}}],"collection":[{"href":"https:\/\/www.deberes.net\/tesis\/wp-json\/wp\/v2\/posts"}],"about":[{"href":"https:\/\/www.deberes.net\/tesis\/wp-json\/wp\/v2\/types\/post"}],"author":[{"embeddable":true,"href":"https:\/\/www.deberes.net\/tesis\/wp-json\/wp\/v2\/users\/1"}],"replies":[{"embeddable":true,"href":"https:\/\/www.deberes.net\/tesis\/wp-json\/wp\/v2\/comments?post=52921"}],"version-history":[{"count":0,"href":"https:\/\/www.deberes.net\/tesis\/wp-json\/wp\/v2\/posts\/52921\/revisions"}],"wp:attachment":[{"href":"https:\/\/www.deberes.net\/tesis\/wp-json\/wp\/v2\/media?parent=52921"}],"wp:term":[{"taxonomy":"category","embeddable":true,"href":"https:\/\/www.deberes.net\/tesis\/wp-json\/wp\/v2\/categories?post=52921"},{"taxonomy":"post_tag","embeddable":true,"href":"https:\/\/www.deberes.net\/tesis\/wp-json\/wp\/v2\/tags?post=52921"}],"curies":[{"name":"wp","href":"https:\/\/api.w.org\/{rel}","templated":true}]}}