{"id":53049,"date":"2006-10-06T00:00:00","date_gmt":"2006-10-06T00:00:00","guid":{"rendered":"https:\/\/www.deberes.net\/tesis\/sin-categoria\/los-recursos-materiales-y-las-tecnicas-pictoricas-en-los-murales-de-las-tierras-bajas-mayas\/"},"modified":"2006-10-06T00:00:00","modified_gmt":"2006-10-06T00:00:00","slug":"los-recursos-materiales-y-las-tecnicas-pictoricas-en-los-murales-de-las-tierras-bajas-mayas","status":"publish","type":"post","link":"https:\/\/www.deberes.net\/tesis\/historia\/los-recursos-materiales-y-las-tecnicas-pictoricas-en-los-murales-de-las-tierras-bajas-mayas\/","title":{"rendered":"Los recursos materiales y las t\u00e9cnicas pict\u00f3ricas en los murales de las tierras bajas mayas"},"content":{"rendered":"<h2>Tesis doctoral de <strong> Mar\u00eda Luisa V\u00e1zquez De Agredos Pascual <\/strong><\/h2>\n<p>La pintura mural fue una de las artes m\u00e1s antigua y representativa de la civilizaci\u00f3n maya, y sin duda alguna una de las manifestaciones que logr\u00f3 transmitir a trav\u00e9s de sus contenidos muchos de aspectos pol\u00edticos, sociales y culturales que la caracterizaron y la distinguieron entre el resto de las culturas que florecieron y se desarrollaron en am\u00e9rica durante los tiempos prehisp\u00e1nicos.  desde que se descubrieron los primeros murales mayas a finales del siglo xix fueron sus im\u00e1genes y sus escenas lo que principalmente atrajo el inter\u00e9s de los investigadores, quedando las cuestiones relacionadas con los materiales y las t\u00e9cnicas de las que dependi\u00f3 su realizaci\u00f3n relegadas a un segundo plano al que apenas se prest\u00f3 atenci\u00f3n hasta la d\u00e9cada de los noventa del siglo xx. Es precisamente en este \u00faltimo aspecto en el que se ha centrado la presente investigaci\u00f3n, cuyo objetivo principal ha sido identificar que sustancias minerales, vegetales y animales fueron utilizadas por el pintor que trabaj\u00f3 en las ciudades mayas de la pen\u00ednsula de yucat\u00e1n (m\u00e9xico) y del departamento de pet\u00e9n (guatemala), y el modo en el que \u00e9stas fueron aplicadas, lo que supuso profundizar en el terreno de las t\u00e9cnicas pict\u00f3ricas. para ello fue necesario combinar diversos m\u00e9todos de investigaci\u00f3n, siendo de gran importancia los que se relacionaron con el an\u00e1lisis qu\u00edmico de estas obras de arte y con el estudio de las cr\u00f3nicas que fueron redactadas en am\u00e9rica durante la \u00e9poca de la colonia.  el resultado de este proceso, y la combinaci\u00f3n de los datos que ofreci\u00f3 con otros que pudimos obtener a partir de m\u00faltiples y variadas lecturas, no s\u00f3lo ha permitido caracterizar la paleta crom\u00e1tica y las t\u00e9cnicas pict\u00f3ricas que se emplearon en estas obras de las tierras bajas mayas, sino que adem\u00e1s ha servido para aproximarnos a la figura del pintor que trabaj\u00f3 en una de las civilizaciones m\u00e1s destacadas de la am\u00e9rica precolombina.<\/p>\n<p>&nbsp;<\/p>\n<h3>Datos acad\u00e9micos de la tesis doctoral \u00ab<strong>Los recursos materiales y las t\u00e9cnicas pict\u00f3ricas en los murales de las tierras bajas mayas<\/strong>\u00ab<\/h3>\n<ul>\n<li><strong>T\u00edtulo de la tesis:<\/strong>\u00a0 Los recursos materiales y las t\u00e9cnicas pict\u00f3ricas en los murales de las tierras bajas mayas <\/li>\n<li><strong>Autor:<\/strong>\u00a0 Mar\u00eda Luisa V\u00e1zquez De Agredos Pascual <\/li>\n<li><strong>Universidad:<\/strong>\u00a0 Universitat de val\u00e9ncia (estudi general)<\/li>\n<li><strong>Fecha de lectura de la tesis:<\/strong>\u00a0 10\/06\/2006<\/li>\n<\/ul>\n<p>&nbsp;<\/p>\n<h3>Direcci\u00f3n y tribunal<\/h3>\n<ul>\n<li><strong>Director de la tesis<\/strong>\n<ul>\n<li>Cristina Vidal Lorenzo<\/li>\n<\/ul>\n<\/li>\n<li><strong>Tribunal<\/strong>\n<ul>\n<li>Presidente del tribunal: Mar\u00eda teresa Domenech carbo <\/li>\n<li>Miguel Rivera dorado (vocal)<\/li>\n<li>gaspar Mu\u00f1oz cosme (vocal)<\/li>\n<li> Vald\u00e9s g\u00f3mez Juan  Antonio (vocal)<\/li>\n<\/ul>\n<\/li>\n<\/ul>\n<p>&nbsp;<\/p>\n","protected":false},"excerpt":{"rendered":"<p>Tesis doctoral de Mar\u00eda Luisa V\u00e1zquez De Agredos Pascual La pintura mural fue una de las artes m\u00e1s antigua y [&hellip;]<\/p>\n","protected":false},"author":1,"featured_media":0,"comment_status":"open","ping_status":"open","sticky":false,"template":"","format":"standard","meta":{"site-sidebar-layout":"default","site-content-layout":"","ast-site-content-layout":"","site-content-style":"default","site-sidebar-style":"default","ast-global-header-display":"","ast-banner-title-visibility":"","ast-main-header-display":"","ast-hfb-above-header-display":"","ast-hfb-below-header-display":"","ast-hfb-mobile-header-display":"","site-post-title":"","ast-breadcrumbs-content":"","ast-featured-img":"","footer-sml-layout":"","theme-transparent-header-meta":"","adv-header-id-meta":"","stick-header-meta":"","header-above-stick-meta":"","header-main-stick-meta":"","header-below-stick-meta":"","astra-migrate-meta-layouts":"default","ast-page-background-enabled":"default","ast-page-background-meta":{"desktop":{"background-color":"var(--ast-global-color-4)","background-image":"","background-repeat":"repeat","background-position":"center center","background-size":"auto","background-attachment":"scroll","background-type":"","background-media":"","overlay-type":"","overlay-color":"","overlay-gradient":""},"tablet":{"background-color":"","background-image":"","background-repeat":"repeat","background-position":"center center","background-size":"auto","background-attachment":"scroll","background-type":"","background-media":"","overlay-type":"","overlay-color":"","overlay-gradient":""},"mobile":{"background-color":"","background-image":"","background-repeat":"repeat","background-position":"center center","background-size":"auto","background-attachment":"scroll","background-type":"","background-media":"","overlay-type":"","overlay-color":"","overlay-gradient":""}},"ast-content-background-meta":{"desktop":{"background-color":"var(--ast-global-color-5)","background-image":"","background-repeat":"repeat","background-position":"center center","background-size":"auto","background-attachment":"scroll","background-type":"","background-media":"","overlay-type":"","overlay-color":"","overlay-gradient":""},"tablet":{"background-color":"var(--ast-global-color-5)","background-image":"","background-repeat":"repeat","background-position":"center center","background-size":"auto","background-attachment":"scroll","background-type":"","background-media":"","overlay-type":"","overlay-color":"","overlay-gradient":""},"mobile":{"background-color":"var(--ast-global-color-5)","background-image":"","background-repeat":"repeat","background-position":"center center","background-size":"auto","background-attachment":"scroll","background-type":"","background-media":"","overlay-type":"","overlay-color":"","overlay-gradient":""}},"footnotes":""},"categories":[104,1014,222],"tags":[117072,117073,117071,31399,23303,117074],"class_list":["post-53049","post","type-post","status-publish","format-standard","hentry","category-historia","category-historia-del-arte","category-historias-especializadas","tag-cristina-vidal-lorenzo","tag-gaspar-munoz-cosme","tag-maria-luisa-vazquez-de-agredos-pascual","tag-maria-teresa-domenech-carbo","tag-miguel-rivera-dorado","tag-valdes-gomez-juan-antonio"],"_links":{"self":[{"href":"https:\/\/www.deberes.net\/tesis\/wp-json\/wp\/v2\/posts\/53049","targetHints":{"allow":["GET"]}}],"collection":[{"href":"https:\/\/www.deberes.net\/tesis\/wp-json\/wp\/v2\/posts"}],"about":[{"href":"https:\/\/www.deberes.net\/tesis\/wp-json\/wp\/v2\/types\/post"}],"author":[{"embeddable":true,"href":"https:\/\/www.deberes.net\/tesis\/wp-json\/wp\/v2\/users\/1"}],"replies":[{"embeddable":true,"href":"https:\/\/www.deberes.net\/tesis\/wp-json\/wp\/v2\/comments?post=53049"}],"version-history":[{"count":0,"href":"https:\/\/www.deberes.net\/tesis\/wp-json\/wp\/v2\/posts\/53049\/revisions"}],"wp:attachment":[{"href":"https:\/\/www.deberes.net\/tesis\/wp-json\/wp\/v2\/media?parent=53049"}],"wp:term":[{"taxonomy":"category","embeddable":true,"href":"https:\/\/www.deberes.net\/tesis\/wp-json\/wp\/v2\/categories?post=53049"},{"taxonomy":"post_tag","embeddable":true,"href":"https:\/\/www.deberes.net\/tesis\/wp-json\/wp\/v2\/tags?post=53049"}],"curies":[{"name":"wp","href":"https:\/\/api.w.org\/{rel}","templated":true}]}}