{"id":53088,"date":"2018-03-09T22:40:45","date_gmt":"2018-03-09T22:40:45","guid":{"rendered":"https:\/\/www.deberes.net\/tesis\/sin-categoria\/inmigracion-integracion-y-territorios-una-mirada-a-la-integracion-socioterritorial-del-inmigrante-extranjero-en-la-estructura-urbana\/"},"modified":"2018-03-09T22:40:45","modified_gmt":"2018-03-09T22:40:45","slug":"inmigracion-integracion-y-territorios-una-mirada-a-la-integracion-socioterritorial-del-inmigrante-extranjero-en-la-estructura-urbana","status":"publish","type":"post","link":"https:\/\/www.deberes.net\/tesis\/sociologia\/inmigracion-integracion-y-territorios-una-mirada-a-la-integracion-socioterritorial-del-inmigrante-extranjero-en-la-estructura-urbana\/","title":{"rendered":"Inmigraci\u00f3n, integraci\u00f3n y territorios, una mirada a la integraci\u00f3n socioterritorial del \u00abinmigrante extranjero\u00bb en la estructura urbana"},"content":{"rendered":"<h2>Tesis doctoral de <strong>  Margarit Segura Daisy Ver\u00f3nica <\/strong><\/h2>\n<p>Investigaci\u00f3n que aborda desde una perspectiva cualitativa la integraci\u00f3n socioterritorial de los inmigrantes ecuatorianos en el municipio de l`hospitalet de llobregat. Se examinan los patrones de localizaci\u00f3n territorial de la inmigraci\u00f3n dentro del \u00e1mbito metropolitano, de la regi\u00f3n metropolitana de barcelona. Asimismo, se analizan variables territoriales especificas del espacio urbano, en donde habitan, en conjunto con los elementos sociales y culturales que otorgan la identidad al n\u00facleo poblacional objeto de la investigaci\u00f3n.<\/p>\n<p>&nbsp;<\/p>\n<h3>Datos acad\u00e9micos de la tesis doctoral \u00ab<strong>Inmigraci\u00f3n, integraci\u00f3n y territorios, una mirada a la integraci\u00f3n socioterritorial del \u00abinmigrante extranjero\u00bb en la estructura urbana<\/strong>\u00ab<\/h3>\n<ul>\n<li><strong>T\u00edtulo de la tesis:<\/strong>\u00a0 Inmigraci\u00f3n, integraci\u00f3n y territorios, una mirada a la integraci\u00f3n socioterritorial del \u00abinmigrante extranjero\u00bb en la estructura urbana <\/li>\n<li><strong>Autor:<\/strong>\u00a0  Margarit Segura Daisy Ver\u00f3nica <\/li>\n<li><strong>Universidad:<\/strong>\u00a0 Aut\u00f3noma de barcelona<\/li>\n<li><strong>Fecha de lectura de la tesis:<\/strong>\u00a0 13\/06\/2006<\/li>\n<\/ul>\n<p>&nbsp;<\/p>\n<h3>Direcci\u00f3n y tribunal<\/h3>\n<ul>\n<li><strong>Director de la tesis<\/strong>\n<ul>\n<li>Carlota Sole Puig<\/li>\n<\/ul>\n<\/li>\n<li><strong>Tribunal<\/strong>\n<ul>\n<li>Presidente del tribunal: horacio Capel saez <\/li>\n<li>rosa Junyent comas (vocal)<\/li>\n<li>Antonio Martin artiles (vocal)<\/li>\n<li>Juan  eugenio Sanchez perez (vocal)<\/li>\n<\/ul>\n<\/li>\n<\/ul>\n<p>&nbsp;<\/p>\n","protected":false},"excerpt":{"rendered":"<p>Tesis doctoral de Margarit Segura Daisy Ver\u00f3nica Investigaci\u00f3n que aborda desde una perspectiva cualitativa la integraci\u00f3n socioterritorial de los inmigrantes [&hellip;]<\/p>\n","protected":false},"author":1,"featured_media":0,"comment_status":"open","ping_status":"open","sticky":false,"template":"","format":"standard","meta":{"site-sidebar-layout":"default","site-content-layout":"","ast-site-content-layout":"","site-content-style":"default","site-sidebar-style":"default","ast-global-header-display":"","ast-banner-title-visibility":"","ast-main-header-display":"","ast-hfb-above-header-display":"","ast-hfb-below-header-display":"","ast-hfb-mobile-header-display":"","site-post-title":"","ast-breadcrumbs-content":"","ast-featured-img":"","footer-sml-layout":"","theme-transparent-header-meta":"","adv-header-id-meta":"","stick-header-meta":"","header-above-stick-meta":"","header-main-stick-meta":"","header-below-stick-meta":"","astra-migrate-meta-layouts":"default","ast-page-background-enabled":"default","ast-page-background-meta":{"desktop":{"background-color":"var(--ast-global-color-4)","background-image":"","background-repeat":"repeat","background-position":"center center","background-size":"auto","background-attachment":"scroll","background-type":"","background-media":"","overlay-type":"","overlay-color":"","overlay-gradient":""},"tablet":{"background-color":"","background-image":"","background-repeat":"repeat","background-position":"center center","background-size":"auto","background-attachment":"scroll","background-type":"","background-media":"","overlay-type":"","overlay-color":"","overlay-gradient":""},"mobile":{"background-color":"","background-image":"","background-repeat":"repeat","background-position":"center center","background-size":"auto","background-attachment":"scroll","background-type":"","background-media":"","overlay-type":"","overlay-color":"","overlay-gradient":""}},"ast-content-background-meta":{"desktop":{"background-color":"var(--ast-global-color-5)","background-image":"","background-repeat":"repeat","background-position":"center center","background-size":"auto","background-attachment":"scroll","background-type":"","background-media":"","overlay-type":"","overlay-color":"","overlay-gradient":""},"tablet":{"background-color":"var(--ast-global-color-5)","background-image":"","background-repeat":"repeat","background-position":"center center","background-size":"auto","background-attachment":"scroll","background-type":"","background-media":"","overlay-type":"","overlay-color":"","overlay-gradient":""},"mobile":{"background-color":"var(--ast-global-color-5)","background-image":"","background-repeat":"repeat","background-position":"center center","background-size":"auto","background-attachment":"scroll","background-type":"","background-media":"","overlay-type":"","overlay-color":"","overlay-gradient":""}},"footnotes":""},"categories":[269,4651,5468],"tags":[26000,22300,1404,51127,117162,61724],"class_list":["post-53088","post","type-post","status-publish","format-standard","hentry","category-sociologia","category-sociologia-de-los-asentamientos-humanos","category-sociologia-urbana","tag-antonio-martin-artiles","tag-carlota-sole-puig","tag-horacio-capel-saez","tag-juan-eugenio-sanchez-perez","tag-margarit-segura-daisy-veronica","tag-rosa-junyent-comas"],"_links":{"self":[{"href":"https:\/\/www.deberes.net\/tesis\/wp-json\/wp\/v2\/posts\/53088","targetHints":{"allow":["GET"]}}],"collection":[{"href":"https:\/\/www.deberes.net\/tesis\/wp-json\/wp\/v2\/posts"}],"about":[{"href":"https:\/\/www.deberes.net\/tesis\/wp-json\/wp\/v2\/types\/post"}],"author":[{"embeddable":true,"href":"https:\/\/www.deberes.net\/tesis\/wp-json\/wp\/v2\/users\/1"}],"replies":[{"embeddable":true,"href":"https:\/\/www.deberes.net\/tesis\/wp-json\/wp\/v2\/comments?post=53088"}],"version-history":[{"count":0,"href":"https:\/\/www.deberes.net\/tesis\/wp-json\/wp\/v2\/posts\/53088\/revisions"}],"wp:attachment":[{"href":"https:\/\/www.deberes.net\/tesis\/wp-json\/wp\/v2\/media?parent=53088"}],"wp:term":[{"taxonomy":"category","embeddable":true,"href":"https:\/\/www.deberes.net\/tesis\/wp-json\/wp\/v2\/categories?post=53088"},{"taxonomy":"post_tag","embeddable":true,"href":"https:\/\/www.deberes.net\/tesis\/wp-json\/wp\/v2\/tags?post=53088"}],"curies":[{"name":"wp","href":"https:\/\/api.w.org\/{rel}","templated":true}]}}