{"id":53092,"date":"2018-03-09T22:40:45","date_gmt":"2018-03-09T22:40:45","guid":{"rendered":"https:\/\/www.deberes.net\/tesis\/sin-categoria\/importancia-del-movimiento-y-la-danza-en-el-curriculo-de-educacion-primaria\/"},"modified":"2018-03-09T22:40:45","modified_gmt":"2018-03-09T22:40:45","slug":"importancia-del-movimiento-y-la-danza-en-el-curriculo-de-educacion-primaria","status":"publish","type":"post","link":"https:\/\/www.deberes.net\/tesis\/planes-de-estudios\/importancia-del-movimiento-y-la-danza-en-el-curriculo-de-educacion-primaria\/","title":{"rendered":"Importancia del movimiento y la danza en el curriculo de educaci\u00f3n primaria"},"content":{"rendered":"<h2>Tesis doctoral de <strong> Alicia M. Espejo Aubero <\/strong><\/h2>\n<p>El contenido de la tesis se estructura en torno a la b\u00fasqueda de un nuevo lugar para el movimiento y la danza en el curr\u00edculo de educaci\u00f3n primaria.     primeramente, nos hemos centrado en el marco te\u00f3rico comenzando con dos t\u00e9rminos que son fundamentales: el movimiento y la danza, aproxim\u00e1ndonos a ellos desde todos los \u00e1mbitos con definiciones hechas por personas de distintos campos del saber, para a continuaci\u00f3n concretar y definir claramente qu\u00e9 son el movimiento y la danza en nuestra investigaci\u00f3n.     a continuaci\u00f3n como marco referencial hemos indagado sobre aquellos autores de mayor relevancia y sobre m\u00e9todos que avalen nuestra investigaci\u00f3n. Mencionamos de cada escuela y su creador los aspectos relacionados con el movimiento y la danza en el \u00e1mbito educativo. No solo hemos mencionado autores y m\u00e9todos del movimiento y danza, sino tambi\u00e9n de \u00e1reas relacionadas, es decir desde la educaci\u00f3n corporal, la educaci\u00f3n f\u00edsica y la educaci\u00f3n musical.     despu\u00e9s de esta visi\u00f3n general, que nos ayuda a centrar y justificar nuestra investigaci\u00f3n estudiamos el movimiento y la danza en el \u00e1mbito educativo \/(conceptos, contenidos, elementos, influencias, disciplinariedad, globalizaci\u00f3n, t\u00e9cnicas, ..) Mencionando \u00e1mbitos y razones.     nada de lo mencionado anteriormente tendr\u00eda sentido, si no conoci\u00e9semos el reflejo que de esto se ha hecho y se hace a nivel legislativo. En el nivel de educaci\u00f3n primaria, hemos estudiado la inclusi\u00f3n del movimiento y la danza en el marco de la ense\u00f1anza escolar desde sus primeros pasos, en la ley del 70 de villar palasi (lge) hasta el actual sistema educativo, analizando la realidad actual de los distintos centros escolares de educaci\u00f3n primaria y todos los materiales (documentos, legislaci\u00f3n, ..) Que de alguna forma implican el movimiento y la danza en la ense\u00f1anza de educaci\u00f3n primaria.     se ha realizado un estudio estad\u00edstico descriptivo con maestros especialistas de educaci\u00f3n musical y<\/p>\n<p>&nbsp;<\/p>\n<h3>Datos acad\u00e9micos de la tesis doctoral \u00ab<strong>Importancia del movimiento y la danza en el curriculo de educaci\u00f3n primaria<\/strong>\u00ab<\/h3>\n<ul>\n<li><strong>T\u00edtulo de la tesis:<\/strong>\u00a0 Importancia del movimiento y la danza en el curriculo de educaci\u00f3n primaria <\/li>\n<li><strong>Autor:<\/strong>\u00a0 Alicia M. Espejo Aubero <\/li>\n<li><strong>Universidad:<\/strong>\u00a0 Nacional de educaci\u00f3n a distancia<\/li>\n<li><strong>Fecha de lectura de la tesis:<\/strong>\u00a0 13\/06\/2006<\/li>\n<\/ul>\n<p>&nbsp;<\/p>\n<h3>Direcci\u00f3n y tribunal<\/h3>\n<ul>\n<li><strong>Director de la tesis<\/strong>\n<ul>\n<li>Pilar Lago Castro<\/li>\n<\/ul>\n<\/li>\n<li><strong>Tribunal<\/strong>\n<ul>\n<li>Presidente del tribunal: Jos\u00e9 Mar\u00eda Cal\u00e9s de Juan <\/li>\n<li> Garc\u00eda arano Juan  Jos\u00e9 (vocal)<\/li>\n<li> Garc\u00eda-s\u00edpido Martinez Ana Luisa (vocal)<\/li>\n<li>valentin Martinez otero perez (vocal)<\/li>\n<\/ul>\n<\/li>\n<\/ul>\n<p>&nbsp;<\/p>\n","protected":false},"excerpt":{"rendered":"<p>Tesis doctoral de Alicia M. Espejo Aubero El contenido de la tesis se estructura en torno a la b\u00fasqueda de [&hellip;]<\/p>\n","protected":false},"author":1,"featured_media":0,"comment_status":"open","ping_status":"open","sticky":false,"template":"","format":"standard","meta":{"site-sidebar-layout":"default","site-content-layout":"","ast-site-content-layout":"","site-content-style":"default","site-sidebar-style":"default","ast-global-header-display":"","ast-banner-title-visibility":"","ast-main-header-display":"","ast-hfb-above-header-display":"","ast-hfb-below-header-display":"","ast-hfb-mobile-header-display":"","site-post-title":"","ast-breadcrumbs-content":"","ast-featured-img":"","footer-sml-layout":"","theme-transparent-header-meta":"","adv-header-id-meta":"","stick-header-meta":"","header-above-stick-meta":"","header-main-stick-meta":"","header-below-stick-meta":"","astra-migrate-meta-layouts":"default","ast-page-background-enabled":"default","ast-page-background-meta":{"desktop":{"background-color":"var(--ast-global-color-4)","background-image":"","background-repeat":"repeat","background-position":"center center","background-size":"auto","background-attachment":"scroll","background-type":"","background-media":"","overlay-type":"","overlay-color":"","overlay-gradient":""},"tablet":{"background-color":"","background-image":"","background-repeat":"repeat","background-position":"center center","background-size":"auto","background-attachment":"scroll","background-type":"","background-media":"","overlay-type":"","overlay-color":"","overlay-gradient":""},"mobile":{"background-color":"","background-image":"","background-repeat":"repeat","background-position":"center center","background-size":"auto","background-attachment":"scroll","background-type":"","background-media":"","overlay-type":"","overlay-color":"","overlay-gradient":""}},"ast-content-background-meta":{"desktop":{"background-color":"var(--ast-global-color-5)","background-image":"","background-repeat":"repeat","background-position":"center center","background-size":"auto","background-attachment":"scroll","background-type":"","background-media":"","overlay-type":"","overlay-color":"","overlay-gradient":""},"tablet":{"background-color":"var(--ast-global-color-5)","background-image":"","background-repeat":"repeat","background-position":"center center","background-size":"auto","background-attachment":"scroll","background-type":"","background-media":"","overlay-type":"","overlay-color":"","overlay-gradient":""},"mobile":{"background-color":"var(--ast-global-color-5)","background-image":"","background-repeat":"repeat","background-position":"center center","background-size":"auto","background-attachment":"scroll","background-type":"","background-media":"","overlay-type":"","overlay-color":"","overlay-gradient":""}},"footnotes":""},"categories":[14281,2623,2233,17070,1340],"tags":[117171,117172,116540,105467,69208,23851],"class_list":["post-53092","post","type-post","status-publish","format-standard","hentry","category-danza-y-coreografia","category-educacion-basica","category-metodos-pedagogicos","category-nacional-de-educacion-a-distancia","category-planes-de-estudios","tag-alicia-m-espejo-aubero","tag-garcia-arano-juan-jose","tag-garcia-sipido-Martinez-ana-luisa","tag-jose-maria-cales-de-juan","tag-pilar-lago-castro","tag-valentin-Martinez-otero-perez"],"_links":{"self":[{"href":"https:\/\/www.deberes.net\/tesis\/wp-json\/wp\/v2\/posts\/53092","targetHints":{"allow":["GET"]}}],"collection":[{"href":"https:\/\/www.deberes.net\/tesis\/wp-json\/wp\/v2\/posts"}],"about":[{"href":"https:\/\/www.deberes.net\/tesis\/wp-json\/wp\/v2\/types\/post"}],"author":[{"embeddable":true,"href":"https:\/\/www.deberes.net\/tesis\/wp-json\/wp\/v2\/users\/1"}],"replies":[{"embeddable":true,"href":"https:\/\/www.deberes.net\/tesis\/wp-json\/wp\/v2\/comments?post=53092"}],"version-history":[{"count":0,"href":"https:\/\/www.deberes.net\/tesis\/wp-json\/wp\/v2\/posts\/53092\/revisions"}],"wp:attachment":[{"href":"https:\/\/www.deberes.net\/tesis\/wp-json\/wp\/v2\/media?parent=53092"}],"wp:term":[{"taxonomy":"category","embeddable":true,"href":"https:\/\/www.deberes.net\/tesis\/wp-json\/wp\/v2\/categories?post=53092"},{"taxonomy":"post_tag","embeddable":true,"href":"https:\/\/www.deberes.net\/tesis\/wp-json\/wp\/v2\/tags?post=53092"}],"curies":[{"name":"wp","href":"https:\/\/api.w.org\/{rel}","templated":true}]}}