{"id":53099,"date":"2018-03-09T22:40:45","date_gmt":"2018-03-09T22:40:45","guid":{"rendered":"https:\/\/www.deberes.net\/tesis\/sin-categoria\/privatization-of-water-utilities-in-catalan-municipalities-explanatory-elements-and-consequences-in-price-distribution\/"},"modified":"2018-03-09T22:40:45","modified_gmt":"2018-03-09T22:40:45","slug":"privatization-of-water-utilities-in-catalan-municipalities-explanatory-elements-and-consequences-in-price-distribution","status":"publish","type":"post","link":"https:\/\/www.deberes.net\/tesis\/barcelona\/privatization-of-water-utilities-in-catalan-municipalities-explanatory-elements-and-consequences-in-price-distribution\/","title":{"rendered":"Privatization of water utilities in catalan municipalities: explanatory elements and consequences in price distribution"},"content":{"rendered":"<h2>Tesis doctoral de <strong> Antonio Miralles Asensio <\/strong><\/h2>\n<p>Esta tesis analiza la privatizaci\u00f3n del servicio local de aguas en los municipios catalanes durante el presente periodo democr\u00e1tico. analiza pues una pautas de extensi\u00f3n, los diversos factores que influyen en la decisi\u00f3n de privatizar el servicio, y las consecuencias de tal decisi\u00f3n en la distribuci\u00f3n de precios entre diversos tipos de consumidores. Obtengo diversos resultados. Al principio de la democracia, la privatizaci\u00f3n la m\u00e1s probable en municipio de zonas donde no existen casos previos de privatizaci\u00f3n. En tiempos recientes, se obtiene el resultado contrario (el llamado efecto proximidad). Defiendo la necesidad de adoptar un modelo de duraci\u00f3n para estimar los factores determinantes de la privatizaci\u00f3n. Finalmente, hallo que la privatizaci\u00f3n ha tenido como consecuencia un decremento en la diferencia entre preciso por uso industrial y precio por uso dom\u00e9stico.<\/p>\n<p>&nbsp;<\/p>\n<h3>Datos acad\u00e9micos de la tesis doctoral \u00ab<strong>Privatization of water utilities in catalan municipalities: explanatory elements and consequences in price distribution<\/strong>\u00ab<\/h3>\n<ul>\n<li><strong>T\u00edtulo de la tesis:<\/strong>\u00a0 Privatization of water utilities in catalan municipalities: explanatory elements and consequences in price distribution <\/li>\n<li><strong>Autor:<\/strong>\u00a0 Antonio Miralles Asensio <\/li>\n<li><strong>Universidad:<\/strong>\u00a0 Barcelona<\/li>\n<li><strong>Fecha de lectura de la tesis:<\/strong>\u00a0 14\/06\/2006<\/li>\n<\/ul>\n<p>&nbsp;<\/p>\n<h3>Direcci\u00f3n y tribunal<\/h3>\n<ul>\n<li><strong>Director de la tesis<\/strong>\n<ul>\n<li>Germ? Bel Queralt<\/li>\n<\/ul>\n<\/li>\n<li><strong>Tribunal<\/strong>\n<ul>\n<li>Presidente del tribunal: anton Costas comesa\u00f1a <\/li>\n<li>teresa Garcia-mil\u00ed\u00a0 lloveras (vocal)<\/li>\n<li> Serano sanz Jos\u00e9 Mar\u00eda (vocal)<\/li>\n<li>albert Sole olle (vocal)<\/li>\n<\/ul>\n<\/li>\n<\/ul>\n<p>&nbsp;<\/p>\n","protected":false},"excerpt":{"rendered":"<p>Tesis doctoral de Antonio Miralles Asensio Esta tesis analiza la privatizaci\u00f3n del servicio local de aguas en los municipios catalanes [&hellip;]<\/p>\n","protected":false},"author":1,"featured_media":0,"comment_status":"open","ping_status":"open","sticky":false,"template":"","format":"standard","meta":{"site-sidebar-layout":"default","site-content-layout":"","ast-site-content-layout":"","site-content-style":"default","site-sidebar-style":"default","ast-global-header-display":"","ast-banner-title-visibility":"","ast-main-header-display":"","ast-hfb-above-header-display":"","ast-hfb-below-header-display":"","ast-hfb-mobile-header-display":"","site-post-title":"","ast-breadcrumbs-content":"","ast-featured-img":"","footer-sml-layout":"","theme-transparent-header-meta":"","adv-header-id-meta":"","stick-header-meta":"","header-above-stick-meta":"","header-main-stick-meta":"","header-below-stick-meta":"","astra-migrate-meta-layouts":"default","ast-page-background-enabled":"default","ast-page-background-meta":{"desktop":{"background-color":"var(--ast-global-color-4)","background-image":"","background-repeat":"repeat","background-position":"center center","background-size":"auto","background-attachment":"scroll","background-type":"","background-media":"","overlay-type":"","overlay-color":"","overlay-gradient":""},"tablet":{"background-color":"","background-image":"","background-repeat":"repeat","background-position":"center center","background-size":"auto","background-attachment":"scroll","background-type":"","background-media":"","overlay-type":"","overlay-color":"","overlay-gradient":""},"mobile":{"background-color":"","background-image":"","background-repeat":"repeat","background-position":"center center","background-size":"auto","background-attachment":"scroll","background-type":"","background-media":"","overlay-type":"","overlay-color":"","overlay-gradient":""}},"ast-content-background-meta":{"desktop":{"background-color":"var(--ast-global-color-5)","background-image":"","background-repeat":"repeat","background-position":"center center","background-size":"auto","background-attachment":"scroll","background-type":"","background-media":"","overlay-type":"","overlay-color":"","overlay-gradient":""},"tablet":{"background-color":"var(--ast-global-color-5)","background-image":"","background-repeat":"repeat","background-position":"center center","background-size":"auto","background-attachment":"scroll","background-type":"","background-media":"","overlay-type":"","overlay-color":"","overlay-gradient":""},"mobile":{"background-color":"var(--ast-global-color-5)","background-image":"","background-repeat":"repeat","background-position":"center center","background-size":"auto","background-attachment":"scroll","background-type":"","background-media":"","overlay-type":"","overlay-color":"","overlay-gradient":""}},"footnotes":""},"categories":[951,17285,9215],"tags":[117192,19931,117190,37253,117191,45891],"class_list":["post-53099","post","type-post","status-publish","format-standard","hentry","category-barcelona","category-empresas-de-servicios-publicos","category-regulacion-gubernamental-del-sector-privado","tag-albert-sole-olle","tag-anton-costas-comesana","tag-antonio-miralles-asensio","tag-germ-bel-queralt","tag-serano-sanz-jose-maria","tag-teresa-garcia-mili-lloveras"],"_links":{"self":[{"href":"https:\/\/www.deberes.net\/tesis\/wp-json\/wp\/v2\/posts\/53099","targetHints":{"allow":["GET"]}}],"collection":[{"href":"https:\/\/www.deberes.net\/tesis\/wp-json\/wp\/v2\/posts"}],"about":[{"href":"https:\/\/www.deberes.net\/tesis\/wp-json\/wp\/v2\/types\/post"}],"author":[{"embeddable":true,"href":"https:\/\/www.deberes.net\/tesis\/wp-json\/wp\/v2\/users\/1"}],"replies":[{"embeddable":true,"href":"https:\/\/www.deberes.net\/tesis\/wp-json\/wp\/v2\/comments?post=53099"}],"version-history":[{"count":0,"href":"https:\/\/www.deberes.net\/tesis\/wp-json\/wp\/v2\/posts\/53099\/revisions"}],"wp:attachment":[{"href":"https:\/\/www.deberes.net\/tesis\/wp-json\/wp\/v2\/media?parent=53099"}],"wp:term":[{"taxonomy":"category","embeddable":true,"href":"https:\/\/www.deberes.net\/tesis\/wp-json\/wp\/v2\/categories?post=53099"},{"taxonomy":"post_tag","embeddable":true,"href":"https:\/\/www.deberes.net\/tesis\/wp-json\/wp\/v2\/tags?post=53099"}],"curies":[{"name":"wp","href":"https:\/\/api.w.org\/{rel}","templated":true}]}}