{"id":53155,"date":"2018-03-09T22:40:48","date_gmt":"2018-03-09T22:40:48","guid":{"rendered":"https:\/\/www.deberes.net\/tesis\/sin-categoria\/papel-de-la-senalizacion-de-la-reelina-en-la-migracion-neuronal-en-el-sistema-nervioso-central\/"},"modified":"2018-03-09T22:40:48","modified_gmt":"2018-03-09T22:40:48","slug":"papel-de-la-senalizacion-de-la-reelina-en-la-migracion-neuronal-en-el-sistema-nervioso-central","status":"publish","type":"post","link":"https:\/\/www.deberes.net\/tesis\/bioquimica-molecular\/papel-de-la-senalizacion-de-la-reelina-en-la-migracion-neuronal-en-el-sistema-nervioso-central\/","title":{"rendered":"Papel de la se\u00f1alizaci\u00f3n de la reelina en la migraci\u00f3n neuronal en el sistema nervioso central"},"content":{"rendered":"<h2>Tesis doctoral de <strong> Segi Sim\u00f3 Olivar <\/strong><\/h2>\n<p>Durante el per\u00edodo de formaci\u00f3n del sistema nervioso central (snc) una multitud de factores participan en el desarrollo de las diferentes estructuras cerebrales. Estos factores controlan tanto la migraci\u00f3n celular como la correcta posici\u00f3n de las diferentes c\u00e9lulas dentro del snc. Reelina es una prote\u00edna soluble de matriz extracelular expresada al largo del desarrollo y de la edad adulta, aunque su funci\u00f3n principal se hipotetiza durante el desarrollo. La presente tesis abarca tres distintos papeles ejercidos por reelina en la migraci\u00f3n celular durante el desarrollo y la edad adulta. nosotros hemos demostrado que reelina puede controlar el niel de fosforilaci\u00f3n en modo i de la prote\u00edna map1b durante la migraci\u00f3n de las neuronas que forman la corteza. Esta fosforilaci\u00f3n en modo i de map1b se ha asociado al control de la estabilidad de los microt\u00fabulos durante la migraci\u00f3n celular. El estudio morfol\u00f3gico que hemos ejercido del animal deficiente de la prote\u00edna map1b nos ha corroborado que existe una relaci\u00f3n entre la cascada de se\u00f1alizaci\u00f3n desencadenada por reelina y la actividad de la prote\u00edna map1b. Finalmente tambi\u00e9n hemos descrito que en respuesta a reelina la quinasa gsk3beta fosforila principalmente map1b en modo i, aunque la participaci\u00f3n, en menor grado, de la quinasa cdk5\/p35 no puede ser descartada. en el siguiente punto de estudio, hemos relacionado la v\u00eda de senyalizaci\u00f3n mapk\/erk con la cascada de senyalizaci\u00f3n activada por reelina. Hemos comprobado que reelina puede inducir la fosforilaci\u00f3n de mda1 y dar lugar a la activaci\u00f3n de pi3k, que puede fosforilar a akt1\/pkb. A partir de estos resultados, hemos demostrado que la activaci\u00f3n de pi3k en respuesta a reelina induce la activaci\u00f3n de mek1\/2 y que esta activaci\u00f3n da lugar a la fosforilaci\u00f3n de las prote\u00ednas erk1 y erk2. Tambi\u00e9n hemos descrito que las formas fosforiladas de erk1\/2 se translocan a n\u00facleo, en las neuronas corticales en respuesta a reelina, donde indcuen l<\/p>\n<p>&nbsp;<\/p>\n<h3>Datos acad\u00e9micos de la tesis doctoral \u00ab<strong>Papel de la se\u00f1alizaci\u00f3n de la reelina en la migraci\u00f3n neuronal en el sistema nervioso central<\/strong>\u00ab<\/h3>\n<ul>\n<li><strong>T\u00edtulo de la tesis:<\/strong>\u00a0 Papel de la se\u00f1alizaci\u00f3n de la reelina en la migraci\u00f3n neuronal en el sistema nervioso central <\/li>\n<li><strong>Autor:<\/strong>\u00a0 Segi Sim\u00f3 Olivar <\/li>\n<li><strong>Universidad:<\/strong>\u00a0 Barcelona<\/li>\n<li><strong>Fecha de lectura de la tesis:<\/strong>\u00a0 16\/06\/2006<\/li>\n<\/ul>\n<p>&nbsp;<\/p>\n<h3>Direcci\u00f3n y tribunal<\/h3>\n<ul>\n<li><strong>Director de la tesis<\/strong>\n<ul>\n<li>Eduardo Soriano Garc\u00eda<\/li>\n<\/ul>\n<\/li>\n<li><strong>Tribunal<\/strong>\n<ul>\n<li>Presidente del tribunal: carles Solsona sancho <\/li>\n<li>pilar Navarro medrano (vocal)<\/li>\n<li>paola Bovolenta nicolao (vocal)<\/li>\n<li>rosa Soler tatche (vocal)<\/li>\n<\/ul>\n<\/li>\n<\/ul>\n<p>&nbsp;<\/p>\n","protected":false},"excerpt":{"rendered":"<p>Tesis doctoral de Segi Sim\u00f3 Olivar Durante el per\u00edodo de formaci\u00f3n del sistema nervioso central (snc) una multitud de factores [&hellip;]<\/p>\n","protected":false},"author":1,"featured_media":0,"comment_status":"open","ping_status":"open","sticky":false,"template":"","format":"standard","meta":{"site-sidebar-layout":"default","site-content-layout":"","ast-site-content-layout":"","site-content-style":"default","site-sidebar-style":"default","ast-global-header-display":"","ast-banner-title-visibility":"","ast-main-header-display":"","ast-hfb-above-header-display":"","ast-hfb-below-header-display":"","ast-hfb-mobile-header-display":"","site-post-title":"","ast-breadcrumbs-content":"","ast-featured-img":"","footer-sml-layout":"","theme-transparent-header-meta":"","adv-header-id-meta":"","stick-header-meta":"","header-above-stick-meta":"","header-main-stick-meta":"","header-below-stick-meta":"","astra-migrate-meta-layouts":"default","ast-page-background-enabled":"default","ast-page-background-meta":{"desktop":{"background-color":"var(--ast-global-color-4)","background-image":"","background-repeat":"repeat","background-position":"center center","background-size":"auto","background-attachment":"scroll","background-type":"","background-media":"","overlay-type":"","overlay-color":"","overlay-gradient":""},"tablet":{"background-color":"","background-image":"","background-repeat":"repeat","background-position":"center center","background-size":"auto","background-attachment":"scroll","background-type":"","background-media":"","overlay-type":"","overlay-color":"","overlay-gradient":""},"mobile":{"background-color":"","background-image":"","background-repeat":"repeat","background-position":"center center","background-size":"auto","background-attachment":"scroll","background-type":"","background-media":"","overlay-type":"","overlay-color":"","overlay-gradient":""}},"ast-content-background-meta":{"desktop":{"background-color":"var(--ast-global-color-5)","background-image":"","background-repeat":"repeat","background-position":"center center","background-size":"auto","background-attachment":"scroll","background-type":"","background-media":"","overlay-type":"","overlay-color":"","overlay-gradient":""},"tablet":{"background-color":"var(--ast-global-color-5)","background-image":"","background-repeat":"repeat","background-position":"center center","background-size":"auto","background-attachment":"scroll","background-type":"","background-media":"","overlay-type":"","overlay-color":"","overlay-gradient":""},"mobile":{"background-color":"var(--ast-global-color-5)","background-image":"","background-repeat":"repeat","background-position":"center center","background-size":"auto","background-attachment":"scroll","background-type":"","background-media":"","overlay-type":"","overlay-color":"","overlay-gradient":""}},"footnotes":""},"categories":[951,849,115],"tags":[33724,24803,29565,82086,117316,117315],"class_list":["post-53155","post","type-post","status-publish","format-standard","hentry","category-barcelona","category-biologia-celular","category-bioquimica-molecular","tag-carles-solsona-sancho","tag-eduardo-soriano-garcia","tag-paola-bovolenta-nicolao","tag-pilar-navarro-medrano","tag-rosa-soler-tatche","tag-segi-simo-olivar"],"_links":{"self":[{"href":"https:\/\/www.deberes.net\/tesis\/wp-json\/wp\/v2\/posts\/53155","targetHints":{"allow":["GET"]}}],"collection":[{"href":"https:\/\/www.deberes.net\/tesis\/wp-json\/wp\/v2\/posts"}],"about":[{"href":"https:\/\/www.deberes.net\/tesis\/wp-json\/wp\/v2\/types\/post"}],"author":[{"embeddable":true,"href":"https:\/\/www.deberes.net\/tesis\/wp-json\/wp\/v2\/users\/1"}],"replies":[{"embeddable":true,"href":"https:\/\/www.deberes.net\/tesis\/wp-json\/wp\/v2\/comments?post=53155"}],"version-history":[{"count":0,"href":"https:\/\/www.deberes.net\/tesis\/wp-json\/wp\/v2\/posts\/53155\/revisions"}],"wp:attachment":[{"href":"https:\/\/www.deberes.net\/tesis\/wp-json\/wp\/v2\/media?parent=53155"}],"wp:term":[{"taxonomy":"category","embeddable":true,"href":"https:\/\/www.deberes.net\/tesis\/wp-json\/wp\/v2\/categories?post=53155"},{"taxonomy":"post_tag","embeddable":true,"href":"https:\/\/www.deberes.net\/tesis\/wp-json\/wp\/v2\/tags?post=53155"}],"curies":[{"name":"wp","href":"https:\/\/api.w.org\/{rel}","templated":true}]}}