{"id":53197,"date":"2018-03-09T22:40:53","date_gmt":"2018-03-09T22:40:53","guid":{"rendered":"https:\/\/www.deberes.net\/tesis\/sin-categoria\/la-custodia-en-derecho-romano\/"},"modified":"2018-03-09T22:40:53","modified_gmt":"2018-03-09T22:40:53","slug":"la-custodia-en-derecho-romano","status":"publish","type":"post","link":"https:\/\/www.deberes.net\/tesis\/derecho-maritimo\/la-custodia-en-derecho-romano\/","title":{"rendered":"La custodia en derecho romano"},"content":{"rendered":"<h2>Tesis doctoral de <strong>  Lorenzo Morante Mar\u00eda Soledad <\/strong><\/h2>\n<p>Comienzo este trabajo de tesis doctoral, realizando un breve estudio dogm\u00e1tico acerca del concepto de custodia, ya que esta voz es, en el lenguaje jur\u00eddico, un t\u00e9rmino polis\u00e9mico.     el cuerpo principal de la obra analiza la custodia en los contratos de buena fe: contraventa, arrendamiento con un cap\u00edtulo independiente dedicado al receptum cauponum nautarum stabulariorumque, mandato, sociedad, dep\u00f3sito y completo el estudio con una referencia a la negotiorum gestio. Se contiene tambi\u00e9n un an\u00e1lisis de la custodia en el comodato y prenda y una hip\u00f3tesis de responsabilidad por custodia en ciertos iura en re aliena.     la responsabilidad en cada instituci\u00f3n romana he tratado de compararla con la que existe en el derecho espa\u00f1ol tanto el derecho civil, com\u00fan y foral, como el derecho mercantil en su caso. Esta comparaci\u00f3n la he realizado tomando como puente el proyecto de c\u00f3digo civil espa\u00f1ol de garc\u00eda goyena.     tambi\u00e9n he estudiado en aquellas instituciones que ha sido posible, la evoluci\u00f3n de la responsabilidad por custodia en el derecho romano-germ\u00e1nico (c\u00f3digo de eurico) y su proyecci\u00f3n en los ordenamientos jur\u00eddicos de la edad media: leys de partida y fuero juzgo.<\/p>\n<p>&nbsp;<\/p>\n<h3>Datos acad\u00e9micos de la tesis doctoral \u00ab<strong>La custodia en derecho romano<\/strong>\u00ab<\/h3>\n<ul>\n<li><strong>T\u00edtulo de la tesis:<\/strong>\u00a0 La custodia en derecho romano <\/li>\n<li><strong>Autor:<\/strong>\u00a0  Lorenzo Morante Mar\u00eda Soledad <\/li>\n<li><strong>Universidad:<\/strong>\u00a0 Nacional de educaci\u00f3n a distancia<\/li>\n<li><strong>Fecha de lectura de la tesis:<\/strong>\u00a0 16\/06\/2006<\/li>\n<\/ul>\n<p>&nbsp;<\/p>\n<h3>Direcci\u00f3n y tribunal<\/h3>\n<ul>\n<li><strong>Director de la tesis<\/strong>\n<ul>\n<li>Federico Fern\u00e1ndez De Buj\u00e1n Fern\u00e1ndez<\/li>\n<\/ul>\n<\/li>\n<li><strong>Tribunal<\/strong>\n<ul>\n<li>Presidente del tribunal: Manuel Jes\u00fas Garc\u00eda garrido <\/li>\n<li>Rafael Domingo osle (vocal)<\/li>\n<li>Fernando Reinoso barbero (vocal)<\/li>\n<li>Carlos Lasarte \u00e1lvarez (vocal)<\/li>\n<\/ul>\n<\/li>\n<\/ul>\n<p>&nbsp;<\/p>\n","protected":false},"excerpt":{"rendered":"<p>Tesis doctoral de Lorenzo Morante Mar\u00eda Soledad Comienzo este trabajo de tesis doctoral, realizando un breve estudio dogm\u00e1tico acerca del [&hellip;]<\/p>\n","protected":false},"author":1,"featured_media":0,"comment_status":"open","ping_status":"open","sticky":false,"template":"","format":"standard","meta":{"site-sidebar-layout":"default","site-content-layout":"","ast-site-content-layout":"","site-content-style":"default","site-sidebar-style":"default","ast-global-header-display":"","ast-banner-title-visibility":"","ast-main-header-display":"","ast-hfb-above-header-display":"","ast-hfb-below-header-display":"","ast-hfb-mobile-header-display":"","site-post-title":"","ast-breadcrumbs-content":"","ast-featured-img":"","footer-sml-layout":"","theme-transparent-header-meta":"","adv-header-id-meta":"","stick-header-meta":"","header-above-stick-meta":"","header-main-stick-meta":"","header-below-stick-meta":"","astra-migrate-meta-layouts":"default","ast-page-background-enabled":"default","ast-page-background-meta":{"desktop":{"background-color":"var(--ast-global-color-4)","background-image":"","background-repeat":"repeat","background-position":"center center","background-size":"auto","background-attachment":"scroll","background-type":"","background-media":"","overlay-type":"","overlay-color":"","overlay-gradient":""},"tablet":{"background-color":"","background-image":"","background-repeat":"repeat","background-position":"center center","background-size":"auto","background-attachment":"scroll","background-type":"","background-media":"","overlay-type":"","overlay-color":"","overlay-gradient":""},"mobile":{"background-color":"","background-image":"","background-repeat":"repeat","background-position":"center center","background-size":"auto","background-attachment":"scroll","background-type":"","background-media":"","overlay-type":"","overlay-color":"","overlay-gradient":""}},"ast-content-background-meta":{"desktop":{"background-color":"var(--ast-global-color-5)","background-image":"","background-repeat":"repeat","background-position":"center center","background-size":"auto","background-attachment":"scroll","background-type":"","background-media":"","overlay-type":"","overlay-color":"","overlay-gradient":""},"tablet":{"background-color":"var(--ast-global-color-5)","background-image":"","background-repeat":"repeat","background-position":"center center","background-size":"auto","background-attachment":"scroll","background-type":"","background-media":"","overlay-type":"","overlay-color":"","overlay-gradient":""},"mobile":{"background-color":"var(--ast-global-color-5)","background-image":"","background-repeat":"repeat","background-position":"center center","background-size":"auto","background-attachment":"scroll","background-type":"","background-media":"","overlay-type":"","overlay-color":"","overlay-gradient":""}},"footnotes":""},"categories":[1251,3895,1210,2826,17070],"tags":[17422,50325,11953,117408,43661,84407],"class_list":["post-53197","post","type-post","status-publish","format-standard","hentry","category-derecho-civil","category-derecho-de-la-antiguedad","category-derecho-maritimo","category-derecho-mercantil","category-nacional-de-educacion-a-distancia","tag-carlos-lasarte-alvarez","tag-federico-fernandez-de-bujan-fernandez","tag-fernando-reinoso-barbero","tag-lorenzo-morante-maria-soledad","tag-manuel-jesus-garcia-garrido","tag-rafael-domingo-osle"],"_links":{"self":[{"href":"https:\/\/www.deberes.net\/tesis\/wp-json\/wp\/v2\/posts\/53197","targetHints":{"allow":["GET"]}}],"collection":[{"href":"https:\/\/www.deberes.net\/tesis\/wp-json\/wp\/v2\/posts"}],"about":[{"href":"https:\/\/www.deberes.net\/tesis\/wp-json\/wp\/v2\/types\/post"}],"author":[{"embeddable":true,"href":"https:\/\/www.deberes.net\/tesis\/wp-json\/wp\/v2\/users\/1"}],"replies":[{"embeddable":true,"href":"https:\/\/www.deberes.net\/tesis\/wp-json\/wp\/v2\/comments?post=53197"}],"version-history":[{"count":0,"href":"https:\/\/www.deberes.net\/tesis\/wp-json\/wp\/v2\/posts\/53197\/revisions"}],"wp:attachment":[{"href":"https:\/\/www.deberes.net\/tesis\/wp-json\/wp\/v2\/media?parent=53197"}],"wp:term":[{"taxonomy":"category","embeddable":true,"href":"https:\/\/www.deberes.net\/tesis\/wp-json\/wp\/v2\/categories?post=53197"},{"taxonomy":"post_tag","embeddable":true,"href":"https:\/\/www.deberes.net\/tesis\/wp-json\/wp\/v2\/tags?post=53197"}],"curies":[{"name":"wp","href":"https:\/\/api.w.org\/{rel}","templated":true}]}}