{"id":53211,"date":"2018-03-09T22:40:53","date_gmt":"2018-03-09T22:40:53","guid":{"rendered":"https:\/\/www.deberes.net\/tesis\/sin-categoria\/el-regimen-jura%c2%addico-de-los-cultivos-marinos\/"},"modified":"2018-03-09T22:40:53","modified_gmt":"2018-03-09T22:40:53","slug":"el-regimen-jura%c2%addico-de-los-cultivos-marinos","status":"publish","type":"post","link":"https:\/\/www.deberes.net\/tesis\/derecho-administrativo\/el-regimen-jura%c2%addico-de-los-cultivos-marinos\/","title":{"rendered":"El r\u00e9gimen jur\u00eddico de los cultivos marinos"},"content":{"rendered":"<h2>Tesis doctoral de <strong> Mar\u00eda Eugenia Teijeiro Lillo <\/strong><\/h2>\n<p>Normalmente las referencia a la acuicultura marina se hacen, de modo residual, enmarcadas en el tratamiento global del r\u00e9gimen jur\u00eddico de la actividad pesquera. Hasta el momento el escaso inter\u00e9s mostrado por la doctrina jur\u00eddica en la regulaci\u00f3n de la actividad acu\u00edcola, unido a la ausencia de un an\u00e1lisis detallado del modo en que en el derecho administrativo se ordena y regula la intervenci\u00f3n de los poderes p\u00fablicos en esta actividad, han sido razones suficientes para impulsar nuestro estudio. En la memoria de la tesis doctoral se realiza, desde una perspectiva jur\u00eddica, un an\u00e1lisis sistem\u00e1tico del r\u00e9gimen jur\u00eddico al que se somete el sector acu\u00edcola. Se ofrece un plantemaiento integral de todo el ciclo que envuelve esta actividad, sistematizando todo un cuerpo normativo complejo, disperso, minucioso y extenso y que encuadramos en distintas materias &#8211; cultivos marinos, costas y espacios marinos, comercio, consumo, sanidad animal, medio ambiente-. Para alcanzar este objetivo, el trabajo refleja una labor de an\u00e1lisis y estudio, de forma separada, de las distintas fases que componen el r\u00e9gimen jur\u00eddico de los cultivos marinos, sin perder nunca de vista la interrelaci\u00f3n de unas con otras. En la primera parte se intenta desglosar el triple papel que presenta la acuicultura en el orden social, econ\u00f3mico y ambiental. Se precisa la problem\u00e1tica delimitaci\u00f3n de los espacios terrestre y mar\u00edtimo que van a actuar como soporte f\u00edsico de la actividad acu\u00edcola. A continuaci\u00f3n, se determinan los conceptos de las acciones y m\u00e9todos empleados para el desarrollo de la actividad acu\u00edcola, as\u00ed como de los establecimientos e instalaciones para la pr\u00e1ctica de la acuicultura marina. Con un af\u00e1n clarificador, elaboramos el nomen iuris de la acuicultura marina basado en el recurso acu\u00edcola como elemento esencial e indispensable y en su funci\u00f3n ambiental. La segunda parte se centra en el sistema de distribuci\u00f3n de competencias en la materia. Aunque hablamos de competencias auton\u00f3micas exclusivas, la diversidad de t\u00edtulos competenciales que ostenta el estado y que amparan la intervenci\u00f3n p\u00fablica en acuicultura, hacen necesario deternerse en el estudio de los conflictos de concurrencia competenciales. Se procede al estudio del marco jur\u00eddico regulador de la acuicultura marina y a los inconvenientes derivados de la elaboraci\u00f3n estatal de un derecho supletorio en materia auton\u00f3mica. Lejos de su aplicaci\u00f3n pac\u00edfica, la instituci\u00f3n demanial cobra un inter\u00e9s particularizado al sujetar la pr\u00e1ctica de la acuicultura marina a la obtenci\u00f3n del t\u00edtulo demanial. Profundizando en esta exigencia, analizamos su sentido y su r\u00e9gimen jur\u00eddico, nunca exento de controversia. En la sistem\u00e1tica seguida, los cap\u00edtulos posteriores se dedican a la ordenaci\u00f3n de la actividad acu\u00edcola en todas y cada una de las etapas que la integran. En este sentido, la regulaci\u00f3n del mercado, la seguridad y calidad alimentaria, la protecci\u00f3n de los consumidores, la salud y el bienestar de los animales y la protecci\u00f3n ambiental han sido objeto de este trabajo. Con \u00e9l hemos intentado prestar atenci\u00f3n a las principales materias que se integran en esta actividad, poner al descubierto problemas e incertidumbres derivadas de su marco normativo, aportar las opiniones y juicios de la doctrina y nuestro parecer en las cuestiones que lo han requerido.<\/p>\n<p>&nbsp;<\/p>\n<h3>Datos acad\u00e9micos de la tesis doctoral \u00ab<strong>El r\u00e9gimen jur\u00eddico de los cultivos marinos<\/strong>\u00ab<\/h3>\n<ul>\n<li><strong>T\u00edtulo de la tesis:<\/strong>\u00a0 El r\u00e9gimen jur\u00eddico de los cultivos marinos <\/li>\n<li><strong>Autor:<\/strong>\u00a0 Mar\u00eda Eugenia Teijeiro Lillo <\/li>\n<li><strong>Universidad:<\/strong>\u00a0 C\u00e1diz<\/li>\n<li><strong>Fecha de lectura de la tesis:<\/strong>\u00a0 16\/06\/2006<\/li>\n<\/ul>\n<p>&nbsp;<\/p>\n<h3>Direcci\u00f3n y tribunal<\/h3>\n<ul>\n<li><strong>Director de la tesis<\/strong>\n<ul>\n<li>velarde Perez Morillo<\/li>\n<\/ul>\n<\/li>\n<li><strong>Tribunal<\/strong>\n<ul>\n<li>Presidente del tribunal: fernando L\u00f3pez ram\u00f3n <\/li>\n<li>Jos\u00e9 Mar\u00eda Ba\u00f1o le\u00f3n (vocal)<\/li>\n<li>Jos\u00e9 \u00e9steve pardo (vocal)<\/li>\n<li>\u00e1ngel Men\u00e9ndez rexach (vocal)<\/li>\n<\/ul>\n<\/li>\n<\/ul>\n<p>&nbsp;<\/p>\n","protected":false},"excerpt":{"rendered":"<p>Tesis doctoral de Mar\u00eda Eugenia Teijeiro Lillo Normalmente las referencia a la acuicultura marina se hacen, de modo residual, enmarcadas [&hellip;]<\/p>\n","protected":false},"author":1,"featured_media":0,"comment_status":"open","ping_status":"open","sticky":false,"template":"","format":"standard","meta":{"site-sidebar-layout":"default","site-content-layout":"","ast-site-content-layout":"","site-content-style":"default","site-sidebar-style":"default","ast-global-header-display":"","ast-banner-title-visibility":"","ast-main-header-display":"","ast-hfb-above-header-display":"","ast-hfb-below-header-display":"","ast-hfb-mobile-header-display":"","site-post-title":"","ast-breadcrumbs-content":"","ast-featured-img":"","footer-sml-layout":"","theme-transparent-header-meta":"","adv-header-id-meta":"","stick-header-meta":"","header-above-stick-meta":"","header-main-stick-meta":"","header-below-stick-meta":"","astra-migrate-meta-layouts":"default","ast-page-background-enabled":"default","ast-page-background-meta":{"desktop":{"background-color":"var(--ast-global-color-4)","background-image":"","background-repeat":"repeat","background-position":"center center","background-size":"auto","background-attachment":"scroll","background-type":"","background-media":"","overlay-type":"","overlay-color":"","overlay-gradient":""},"tablet":{"background-color":"","background-image":"","background-repeat":"repeat","background-position":"center center","background-size":"auto","background-attachment":"scroll","background-type":"","background-media":"","overlay-type":"","overlay-color":"","overlay-gradient":""},"mobile":{"background-color":"","background-image":"","background-repeat":"repeat","background-position":"center center","background-size":"auto","background-attachment":"scroll","background-type":"","background-media":"","overlay-type":"","overlay-color":"","overlay-gradient":""}},"ast-content-background-meta":{"desktop":{"background-color":"var(--ast-global-color-5)","background-image":"","background-repeat":"repeat","background-position":"center center","background-size":"auto","background-attachment":"scroll","background-type":"","background-media":"","overlay-type":"","overlay-color":"","overlay-gradient":""},"tablet":{"background-color":"var(--ast-global-color-5)","background-image":"","background-repeat":"repeat","background-position":"center center","background-size":"auto","background-attachment":"scroll","background-type":"","background-media":"","overlay-type":"","overlay-color":"","overlay-gradient":""},"mobile":{"background-color":"var(--ast-global-color-5)","background-image":"","background-repeat":"repeat","background-position":"center center","background-size":"auto","background-attachment":"scroll","background-type":"","background-media":"","overlay-type":"","overlay-color":"","overlay-gradient":""}},"footnotes":""},"categories":[1506,1442],"tags":[14619,14618,46910,117443,117442,71390],"class_list":["post-53211","post","type-post","status-publish","format-standard","hentry","category-cadiz","category-derecho-administrativo","tag-angel-menendez-rexach","tag-fernando-lopez-ramon","tag-jose-esteve-pardo","tag-jose-maria-bano-leon","tag-maria-eugenia-teijeiro-lillo","tag-velarde-perez-morillo"],"_links":{"self":[{"href":"https:\/\/www.deberes.net\/tesis\/wp-json\/wp\/v2\/posts\/53211","targetHints":{"allow":["GET"]}}],"collection":[{"href":"https:\/\/www.deberes.net\/tesis\/wp-json\/wp\/v2\/posts"}],"about":[{"href":"https:\/\/www.deberes.net\/tesis\/wp-json\/wp\/v2\/types\/post"}],"author":[{"embeddable":true,"href":"https:\/\/www.deberes.net\/tesis\/wp-json\/wp\/v2\/users\/1"}],"replies":[{"embeddable":true,"href":"https:\/\/www.deberes.net\/tesis\/wp-json\/wp\/v2\/comments?post=53211"}],"version-history":[{"count":0,"href":"https:\/\/www.deberes.net\/tesis\/wp-json\/wp\/v2\/posts\/53211\/revisions"}],"wp:attachment":[{"href":"https:\/\/www.deberes.net\/tesis\/wp-json\/wp\/v2\/media?parent=53211"}],"wp:term":[{"taxonomy":"category","embeddable":true,"href":"https:\/\/www.deberes.net\/tesis\/wp-json\/wp\/v2\/categories?post=53211"},{"taxonomy":"post_tag","embeddable":true,"href":"https:\/\/www.deberes.net\/tesis\/wp-json\/wp\/v2\/tags?post=53211"}],"curies":[{"name":"wp","href":"https:\/\/api.w.org\/{rel}","templated":true}]}}